{"id":426,"date":"2022-07-13T23:42:29","date_gmt":"2022-07-13T21:42:29","guid":{"rendered":"https:\/\/www.agnd.eu\/wordpress\/?p=426"},"modified":"2022-08-21T23:32:56","modified_gmt":"2022-08-21T21:32:56","slug":"jugne-welt-faeser-cybert-grundgesetz","status":"publish","type":"post","link":"https:\/\/www.agnd.eu\/index.php\/2022\/07\/13\/jugne-welt-faeser-cybert-grundgesetz\/","title":{"rendered":"Jugne Welt: Faeser cybert Grundgesetz"},"content":{"rendered":"<p>Die Junge Welt berichtete \u00fcber die Cybersicherheitsagenda und fragte dazu unsere Einsch\u00e4tzung an.<\/p>\n<blockquote><p>\u00bbDie Cybersicherheitsagenda der Bundesinnenministerin Faeser ist desastr\u00f6s\u00ab, kommentiert <a href=\"https:\/\/twitter.com\/KrohnCaroline\">Caroline Krohn<\/a> von der unabh\u00e4ngigen Arbeitsgemeinschaft Nachhaltige Digitalisierung gegen\u00fcber junge Welt. Von den freiheitlichen, b\u00fcrger- und grundrechtlichen Ambitionen des Koalitionsvertrages sei darin nicht mehr viel zu erkennen. Neue F\u00e4higkeiten f\u00fcr das BSI seien zwar richtig, die gleichzeitige St\u00e4rkung von Hackerbeh\u00f6rden stehe dazu jedoch im Widerspruch. Das Konzept sei offenbar von \u00bbministeriellen und beh\u00f6rdlichen Entscheidungstr\u00e4gern aus der alten Welt\u00ab geschrieben worden.<\/p><\/blockquote>\n<p>Den vollst\u00e4ndigen Artikel findet Ihr hier:<\/p>\n<p><a href=\"https:\/\/www.jungewelt.de\/artikel\/430631.staat-r%C3%BCstet-auf-faeser-cybert-grundgesetz.html\">https:\/\/www.jungewelt.de\/artikel\/430631.staat-r\u00fcstet-auf-faeser-cybert-grundgesetz.html<\/a><\/p>\n","protected":false},"excerpt":{"rendered":"<p>Die Junge Welt berichtete \u00fcber die Cybersicherheitsagenda und fragte dazu unsere Einsch\u00e4tzung an. \u00bbDie Cybersicherheitsagenda der Bundesinnenministerin Faeser ist desastr\u00f6s\u00ab, kommentiert Caroline Krohn von der unabh\u00e4ngigen Arbeitsgemeinschaft Nachhaltige Digitalisierung gegen\u00fcber junge Welt. Von den freiheitlichen, b\u00fcrger- und grundrechtlichen Ambitionen des Koalitionsvertrages sei darin nicht mehr viel zu erkennen. Neue F\u00e4higkeiten f\u00fcr das BSI seien zwar [&hellip;]<\/p>\n","protected":false},"author":3,"featured_media":417,"comment_status":"closed","ping_status":"closed","sticky":false,"template":"","format":"standard","meta":{"footnotes":""},"categories":[17],"tags":[39,38,37,41],"class_list":["post-426","post","type-post","status-publish","format-standard","has-post-thumbnail","hentry","category-externe-publikation","tag-bmi","tag-bundesministerium-des-innern-und-fuer-heimat","tag-cybersicherheitsagenda","tag-ueberwachungsmassnahmen"],"yoast_head":"<!-- This site is optimized with the Yoast SEO plugin v27.5 - https:\/\/yoast.com\/product\/yoast-seo-wordpress\/ -->\n<title>Jugne Welt: Faeser cybert Grundgesetz - AGND<\/title>\n<meta name=\"robots\" content=\"index, follow, max-snippet:-1, max-image-preview:large, max-video-preview:-1\" \/>\n<link rel=\"canonical\" href=\"https:\/\/www.agnd.eu\/index.php\/2022\/07\/13\/jugne-welt-faeser-cybert-grundgesetz\/\" \/>\n<meta property=\"og:locale\" content=\"de_DE\" \/>\n<meta property=\"og:type\" content=\"article\" \/>\n<meta property=\"og:title\" content=\"Jugne Welt: Faeser cybert Grundgesetz - AGND\" \/>\n<meta property=\"og:description\" content=\"Die Junge Welt berichtete \u00fcber die Cybersicherheitsagenda und fragte dazu unsere Einsch\u00e4tzung an. \u00bbDie Cybersicherheitsagenda der Bundesinnenministerin Faeser ist desastr\u00f6s\u00ab, kommentiert Caroline Krohn von der unabh\u00e4ngigen Arbeitsgemeinschaft Nachhaltige Digitalisierung gegen\u00fcber junge Welt. Von den freiheitlichen, b\u00fcrger- und grundrechtlichen Ambitionen des Koalitionsvertrages sei darin nicht mehr viel zu erkennen. Neue F\u00e4higkeiten f\u00fcr das BSI seien zwar [&hellip;]\" \/>\n<meta property=\"og:url\" content=\"https:\/\/www.agnd.eu\/index.php\/2022\/07\/13\/jugne-welt-faeser-cybert-grundgesetz\/\" \/>\n<meta property=\"og:site_name\" content=\"AGND\" \/>\n<meta property=\"article:published_time\" content=\"2022-07-13T21:42:29+00:00\" \/>\n<meta property=\"article:modified_time\" content=\"2022-08-21T21:32:56+00:00\" \/>\n<meta property=\"og:image\" content=\"https:\/\/www.agnd.eu\/wp-content\/uploads\/2022\/08\/pexels-pixabay-70573.jpg\" \/>\n\t<meta property=\"og:image:width\" content=\"2500\" \/>\n\t<meta property=\"og:image:height\" content=\"1784\" \/>\n\t<meta property=\"og:image:type\" content=\"image\/jpeg\" \/>\n<meta name=\"author\" content=\"Caroline Krohn\" \/>\n<meta name=\"twitter:card\" content=\"summary_large_image\" \/>\n<meta name=\"twitter:label1\" content=\"Verfasst von\" \/>\n\t<meta name=\"twitter:data1\" content=\"Caroline Krohn\" \/>\n\t<meta name=\"twitter:label2\" content=\"Gesch\u00e4tzte Lesezeit\" \/>\n\t<meta name=\"twitter:data2\" content=\"1\u00a0Minute\" \/>\n<script type=\"application\/ld+json\" class=\"yoast-schema-graph\">{\"@context\":\"https:\\\/\\\/schema.org\",\"@graph\":[{\"@type\":\"Article\",\"@id\":\"https:\\\/\\\/www.agnd.eu\\\/index.php\\\/2022\\\/07\\\/13\\\/jugne-welt-faeser-cybert-grundgesetz\\\/#article\",\"isPartOf\":{\"@id\":\"https:\\\/\\\/www.agnd.eu\\\/index.php\\\/2022\\\/07\\\/13\\\/jugne-welt-faeser-cybert-grundgesetz\\\/\"},\"author\":{\"name\":\"Caroline Krohn\",\"@id\":\"https:\\\/\\\/www.agnd.eu\\\/#\\\/schema\\\/person\\\/d4b3981c5bc6f4a60d754fed29908693\"},\"headline\":\"Jugne Welt: Faeser cybert Grundgesetz\",\"datePublished\":\"2022-07-13T21:42:29+00:00\",\"dateModified\":\"2022-08-21T21:32:56+00:00\",\"mainEntityOfPage\":{\"@id\":\"https:\\\/\\\/www.agnd.eu\\\/index.php\\\/2022\\\/07\\\/13\\\/jugne-welt-faeser-cybert-grundgesetz\\\/\"},\"wordCount\":112,\"publisher\":{\"@id\":\"https:\\\/\\\/www.agnd.eu\\\/#organization\"},\"image\":{\"@id\":\"https:\\\/\\\/www.agnd.eu\\\/index.php\\\/2022\\\/07\\\/13\\\/jugne-welt-faeser-cybert-grundgesetz\\\/#primaryimage\"},\"thumbnailUrl\":\"https:\\\/\\\/www.agnd.eu\\\/wp-content\\\/uploads\\\/2022\\\/08\\\/pexels-pixabay-70573.jpg\",\"keywords\":[\"BMI\",\"Bundesministerium des Innern und f\u00fcr Heimat\",\"Cybersicherheitsagenda\",\"\u00dcberwachungsma\u00dfnahmen\"],\"articleSection\":[\"externe Publikation\"],\"inLanguage\":\"de\"},{\"@type\":\"WebPage\",\"@id\":\"https:\\\/\\\/www.agnd.eu\\\/index.php\\\/2022\\\/07\\\/13\\\/jugne-welt-faeser-cybert-grundgesetz\\\/\",\"url\":\"https:\\\/\\\/www.agnd.eu\\\/index.php\\\/2022\\\/07\\\/13\\\/jugne-welt-faeser-cybert-grundgesetz\\\/\",\"name\":\"Jugne Welt: Faeser cybert Grundgesetz - AGND\",\"isPartOf\":{\"@id\":\"https:\\\/\\\/www.agnd.eu\\\/#website\"},\"primaryImageOfPage\":{\"@id\":\"https:\\\/\\\/www.agnd.eu\\\/index.php\\\/2022\\\/07\\\/13\\\/jugne-welt-faeser-cybert-grundgesetz\\\/#primaryimage\"},\"image\":{\"@id\":\"https:\\\/\\\/www.agnd.eu\\\/index.php\\\/2022\\\/07\\\/13\\\/jugne-welt-faeser-cybert-grundgesetz\\\/#primaryimage\"},\"thumbnailUrl\":\"https:\\\/\\\/www.agnd.eu\\\/wp-content\\\/uploads\\\/2022\\\/08\\\/pexels-pixabay-70573.jpg\",\"datePublished\":\"2022-07-13T21:42:29+00:00\",\"dateModified\":\"2022-08-21T21:32:56+00:00\",\"breadcrumb\":{\"@id\":\"https:\\\/\\\/www.agnd.eu\\\/index.php\\\/2022\\\/07\\\/13\\\/jugne-welt-faeser-cybert-grundgesetz\\\/#breadcrumb\"},\"inLanguage\":\"de\",\"potentialAction\":[{\"@type\":\"ReadAction\",\"target\":[\"https:\\\/\\\/www.agnd.eu\\\/index.php\\\/2022\\\/07\\\/13\\\/jugne-welt-faeser-cybert-grundgesetz\\\/\"]}]},{\"@type\":\"ImageObject\",\"inLanguage\":\"de\",\"@id\":\"https:\\\/\\\/www.agnd.eu\\\/index.php\\\/2022\\\/07\\\/13\\\/jugne-welt-faeser-cybert-grundgesetz\\\/#primaryimage\",\"url\":\"https:\\\/\\\/www.agnd.eu\\\/wp-content\\\/uploads\\\/2022\\\/08\\\/pexels-pixabay-70573.jpg\",\"contentUrl\":\"https:\\\/\\\/www.agnd.eu\\\/wp-content\\\/uploads\\\/2022\\\/08\\\/pexels-pixabay-70573.jpg\",\"width\":2500,\"height\":1784},{\"@type\":\"BreadcrumbList\",\"@id\":\"https:\\\/\\\/www.agnd.eu\\\/index.php\\\/2022\\\/07\\\/13\\\/jugne-welt-faeser-cybert-grundgesetz\\\/#breadcrumb\",\"itemListElement\":[{\"@type\":\"ListItem\",\"position\":1,\"name\":\"Startseite\",\"item\":\"https:\\\/\\\/www.agnd.eu\\\/\"},{\"@type\":\"ListItem\",\"position\":2,\"name\":\"Jugne Welt: Faeser cybert Grundgesetz\"}]},{\"@type\":\"WebSite\",\"@id\":\"https:\\\/\\\/www.agnd.eu\\\/#website\",\"url\":\"https:\\\/\\\/www.agnd.eu\\\/\",\"name\":\"AGND\",\"description\":\"AG Nachhaltige Digitalisierung\",\"publisher\":{\"@id\":\"https:\\\/\\\/www.agnd.eu\\\/#organization\"},\"potentialAction\":[{\"@type\":\"SearchAction\",\"target\":{\"@type\":\"EntryPoint\",\"urlTemplate\":\"https:\\\/\\\/www.agnd.eu\\\/?s={search_term_string}\"},\"query-input\":{\"@type\":\"PropertyValueSpecification\",\"valueRequired\":true,\"valueName\":\"search_term_string\"}}],\"inLanguage\":\"de\"},{\"@type\":\"Organization\",\"@id\":\"https:\\\/\\\/www.agnd.eu\\\/#organization\",\"name\":\"AGND\",\"url\":\"https:\\\/\\\/www.agnd.eu\\\/\",\"logo\":{\"@type\":\"ImageObject\",\"inLanguage\":\"de\",\"@id\":\"https:\\\/\\\/www.agnd.eu\\\/#\\\/schema\\\/logo\\\/image\\\/\",\"url\":\"\",\"contentUrl\":\"\",\"caption\":\"AGND\"},\"image\":{\"@id\":\"https:\\\/\\\/www.agnd.eu\\\/#\\\/schema\\\/logo\\\/image\\\/\"}},{\"@type\":\"Person\",\"@id\":\"https:\\\/\\\/www.agnd.eu\\\/#\\\/schema\\\/person\\\/d4b3981c5bc6f4a60d754fed29908693\",\"name\":\"Caroline Krohn\",\"image\":{\"@type\":\"ImageObject\",\"inLanguage\":\"de\",\"@id\":\"https:\\\/\\\/secure.gravatar.com\\\/avatar\\\/00b5174ae3e5f5192f477f3395d87de451f6041f7743974f5e315eb97aacc82f?s=96&d=mm&r=g\",\"url\":\"https:\\\/\\\/secure.gravatar.com\\\/avatar\\\/00b5174ae3e5f5192f477f3395d87de451f6041f7743974f5e315eb97aacc82f?s=96&d=mm&r=g\",\"contentUrl\":\"https:\\\/\\\/secure.gravatar.com\\\/avatar\\\/00b5174ae3e5f5192f477f3395d87de451f6041f7743974f5e315eb97aacc82f?s=96&d=mm&r=g\",\"caption\":\"Caroline Krohn\"},\"sameAs\":[\"http:\\\/\\\/www.agnd.eu\"],\"url\":\"https:\\\/\\\/www.agnd.eu\\\/index.php\\\/author\\\/caroagnd\\\/\"}]}<\/script>\n<!-- \/ Yoast SEO plugin. -->","yoast_head_json":{"title":"Jugne Welt: Faeser cybert Grundgesetz - AGND","robots":{"index":"index","follow":"follow","max-snippet":"max-snippet:-1","max-image-preview":"max-image-preview:large","max-video-preview":"max-video-preview:-1"},"canonical":"https:\/\/www.agnd.eu\/index.php\/2022\/07\/13\/jugne-welt-faeser-cybert-grundgesetz\/","og_locale":"de_DE","og_type":"article","og_title":"Jugne Welt: Faeser cybert Grundgesetz - AGND","og_description":"Die Junge Welt berichtete \u00fcber die Cybersicherheitsagenda und fragte dazu unsere Einsch\u00e4tzung an. \u00bbDie Cybersicherheitsagenda der Bundesinnenministerin Faeser ist desastr\u00f6s\u00ab, kommentiert Caroline Krohn von der unabh\u00e4ngigen Arbeitsgemeinschaft Nachhaltige Digitalisierung gegen\u00fcber junge Welt. Von den freiheitlichen, b\u00fcrger- und grundrechtlichen Ambitionen des Koalitionsvertrages sei darin nicht mehr viel zu erkennen. Neue F\u00e4higkeiten f\u00fcr das BSI seien zwar [&hellip;]","og_url":"https:\/\/www.agnd.eu\/index.php\/2022\/07\/13\/jugne-welt-faeser-cybert-grundgesetz\/","og_site_name":"AGND","article_published_time":"2022-07-13T21:42:29+00:00","article_modified_time":"2022-08-21T21:32:56+00:00","og_image":[{"width":2500,"height":1784,"url":"https:\/\/www.agnd.eu\/wp-content\/uploads\/2022\/08\/pexels-pixabay-70573.jpg","type":"image\/jpeg"}],"author":"Caroline Krohn","twitter_card":"summary_large_image","twitter_misc":{"Verfasst von":"Caroline Krohn","Gesch\u00e4tzte Lesezeit":"1\u00a0Minute"},"schema":{"@context":"https:\/\/schema.org","@graph":[{"@type":"Article","@id":"https:\/\/www.agnd.eu\/index.php\/2022\/07\/13\/jugne-welt-faeser-cybert-grundgesetz\/#article","isPartOf":{"@id":"https:\/\/www.agnd.eu\/index.php\/2022\/07\/13\/jugne-welt-faeser-cybert-grundgesetz\/"},"author":{"name":"Caroline Krohn","@id":"https:\/\/www.agnd.eu\/#\/schema\/person\/d4b3981c5bc6f4a60d754fed29908693"},"headline":"Jugne Welt: Faeser cybert Grundgesetz","datePublished":"2022-07-13T21:42:29+00:00","dateModified":"2022-08-21T21:32:56+00:00","mainEntityOfPage":{"@id":"https:\/\/www.agnd.eu\/index.php\/2022\/07\/13\/jugne-welt-faeser-cybert-grundgesetz\/"},"wordCount":112,"publisher":{"@id":"https:\/\/www.agnd.eu\/#organization"},"image":{"@id":"https:\/\/www.agnd.eu\/index.php\/2022\/07\/13\/jugne-welt-faeser-cybert-grundgesetz\/#primaryimage"},"thumbnailUrl":"https:\/\/www.agnd.eu\/wp-content\/uploads\/2022\/08\/pexels-pixabay-70573.jpg","keywords":["BMI","Bundesministerium des Innern und f\u00fcr Heimat","Cybersicherheitsagenda","\u00dcberwachungsma\u00dfnahmen"],"articleSection":["externe Publikation"],"inLanguage":"de"},{"@type":"WebPage","@id":"https:\/\/www.agnd.eu\/index.php\/2022\/07\/13\/jugne-welt-faeser-cybert-grundgesetz\/","url":"https:\/\/www.agnd.eu\/index.php\/2022\/07\/13\/jugne-welt-faeser-cybert-grundgesetz\/","name":"Jugne Welt: Faeser cybert Grundgesetz - AGND","isPartOf":{"@id":"https:\/\/www.agnd.eu\/#website"},"primaryImageOfPage":{"@id":"https:\/\/www.agnd.eu\/index.php\/2022\/07\/13\/jugne-welt-faeser-cybert-grundgesetz\/#primaryimage"},"image":{"@id":"https:\/\/www.agnd.eu\/index.php\/2022\/07\/13\/jugne-welt-faeser-cybert-grundgesetz\/#primaryimage"},"thumbnailUrl":"https:\/\/www.agnd.eu\/wp-content\/uploads\/2022\/08\/pexels-pixabay-70573.jpg","datePublished":"2022-07-13T21:42:29+00:00","dateModified":"2022-08-21T21:32:56+00:00","breadcrumb":{"@id":"https:\/\/www.agnd.eu\/index.php\/2022\/07\/13\/jugne-welt-faeser-cybert-grundgesetz\/#breadcrumb"},"inLanguage":"de","potentialAction":[{"@type":"ReadAction","target":["https:\/\/www.agnd.eu\/index.php\/2022\/07\/13\/jugne-welt-faeser-cybert-grundgesetz\/"]}]},{"@type":"ImageObject","inLanguage":"de","@id":"https:\/\/www.agnd.eu\/index.php\/2022\/07\/13\/jugne-welt-faeser-cybert-grundgesetz\/#primaryimage","url":"https:\/\/www.agnd.eu\/wp-content\/uploads\/2022\/08\/pexels-pixabay-70573.jpg","contentUrl":"https:\/\/www.agnd.eu\/wp-content\/uploads\/2022\/08\/pexels-pixabay-70573.jpg","width":2500,"height":1784},{"@type":"BreadcrumbList","@id":"https:\/\/www.agnd.eu\/index.php\/2022\/07\/13\/jugne-welt-faeser-cybert-grundgesetz\/#breadcrumb","itemListElement":[{"@type":"ListItem","position":1,"name":"Startseite","item":"https:\/\/www.agnd.eu\/"},{"@type":"ListItem","position":2,"name":"Jugne Welt: Faeser cybert Grundgesetz"}]},{"@type":"WebSite","@id":"https:\/\/www.agnd.eu\/#website","url":"https:\/\/www.agnd.eu\/","name":"AGND","description":"AG Nachhaltige Digitalisierung","publisher":{"@id":"https:\/\/www.agnd.eu\/#organization"},"potentialAction":[{"@type":"SearchAction","target":{"@type":"EntryPoint","urlTemplate":"https:\/\/www.agnd.eu\/?s={search_term_string}"},"query-input":{"@type":"PropertyValueSpecification","valueRequired":true,"valueName":"search_term_string"}}],"inLanguage":"de"},{"@type":"Organization","@id":"https:\/\/www.agnd.eu\/#organization","name":"AGND","url":"https:\/\/www.agnd.eu\/","logo":{"@type":"ImageObject","inLanguage":"de","@id":"https:\/\/www.agnd.eu\/#\/schema\/logo\/image\/","url":"","contentUrl":"","caption":"AGND"},"image":{"@id":"https:\/\/www.agnd.eu\/#\/schema\/logo\/image\/"}},{"@type":"Person","@id":"https:\/\/www.agnd.eu\/#\/schema\/person\/d4b3981c5bc6f4a60d754fed29908693","name":"Caroline Krohn","image":{"@type":"ImageObject","inLanguage":"de","@id":"https:\/\/secure.gravatar.com\/avatar\/00b5174ae3e5f5192f477f3395d87de451f6041f7743974f5e315eb97aacc82f?s=96&d=mm&r=g","url":"https:\/\/secure.gravatar.com\/avatar\/00b5174ae3e5f5192f477f3395d87de451f6041f7743974f5e315eb97aacc82f?s=96&d=mm&r=g","contentUrl":"https:\/\/secure.gravatar.com\/avatar\/00b5174ae3e5f5192f477f3395d87de451f6041f7743974f5e315eb97aacc82f?s=96&d=mm&r=g","caption":"Caroline Krohn"},"sameAs":["http:\/\/www.agnd.eu"],"url":"https:\/\/www.agnd.eu\/index.php\/author\/caroagnd\/"}]}},"_links":{"self":[{"href":"https:\/\/www.agnd.eu\/index.php\/wp-json\/wp\/v2\/posts\/426","targetHints":{"allow":["GET"]}}],"collection":[{"href":"https:\/\/www.agnd.eu\/index.php\/wp-json\/wp\/v2\/posts"}],"about":[{"href":"https:\/\/www.agnd.eu\/index.php\/wp-json\/wp\/v2\/types\/post"}],"author":[{"embeddable":true,"href":"https:\/\/www.agnd.eu\/index.php\/wp-json\/wp\/v2\/users\/3"}],"replies":[{"embeddable":true,"href":"https:\/\/www.agnd.eu\/index.php\/wp-json\/wp\/v2\/comments?post=426"}],"version-history":[{"count":2,"href":"https:\/\/www.agnd.eu\/index.php\/wp-json\/wp\/v2\/posts\/426\/revisions"}],"predecessor-version":[{"id":466,"href":"https:\/\/www.agnd.eu\/index.php\/wp-json\/wp\/v2\/posts\/426\/revisions\/466"}],"wp:featuredmedia":[{"embeddable":true,"href":"https:\/\/www.agnd.eu\/index.php\/wp-json\/wp\/v2\/media\/417"}],"wp:attachment":[{"href":"https:\/\/www.agnd.eu\/index.php\/wp-json\/wp\/v2\/media?parent=426"}],"wp:term":[{"taxonomy":"category","embeddable":true,"href":"https:\/\/www.agnd.eu\/index.php\/wp-json\/wp\/v2\/categories?post=426"},{"taxonomy":"post_tag","embeddable":true,"href":"https:\/\/www.agnd.eu\/index.php\/wp-json\/wp\/v2\/tags?post=426"}],"curies":[{"name":"wp","href":"https:\/\/api.w.org\/{rel}","templated":true}]}}