{"id":468,"date":"2022-10-01T23:42:53","date_gmt":"2022-10-01T21:42:53","guid":{"rendered":"https:\/\/www.agnd.eu\/?p=468"},"modified":"2022-11-29T18:54:54","modified_gmt":"2022-11-29T17:54:54","slug":"die-ag-nachhaltige-digitalisierung-agnd-beim-c-radar-podcast-september-2022","status":"publish","type":"post","link":"https:\/\/www.agnd.eu\/index.php\/2022\/10\/01\/die-ag-nachhaltige-digitalisierung-agnd-beim-c-radar-podcast-september-2022\/","title":{"rendered":"Die AG Nachhaltige Digitalisierung (AGND) beim C-RadaR Podcast September 2022"},"content":{"rendered":"\r\n\r\n\r\n<p>Wir waren bei <a href=\"https:\/\/twitter.com\/cradar\">C-RadaR<\/a> vom Chaos Computer Club zu Gast und haben dort im Podcast \u00fcber Nachhaltige Digitalisierung gesprochen.<\/p>\r\n\r\n\r\n\r\n<blockquote>01:01:05 <a href=\"https:\/\/twitter.com\/KrohnCaroline\">Caro<\/a>\u00a0und <a href=\"https:\/\/twitter.com\/HonkHase\">HonkHase<\/a> sprechen auf der Bits &amp; B\u00e4ume. Im Jahr 2018 brachte die Konferenz Bits &amp; B\u00e4ume erstmals eine interessante Mischung von Personen und Organisationen zusammen. Dies soll nun am letzten Wochenende im September, 30.09.-02.10.2022 an der TU Berlin fortgef\u00fchrt werden. Ein gro\u00dfes Vortragsprogramm liegt vor, es gibt noch Tickets, die Vortr\u00e4ge werden vom c3voc gestreamt, es werden noch Helfer (\u201eEngel\u201c) gesucht, eine Kinderbetreuung wird es geben. Also vieles was einem bekannt vor kommt \u2013 neu wird aber die AG Nachhaltige Digitalisierung, kurz AGND, von <a href=\"https:\/\/twitter.com\/KrohnCaroline\">Caro<\/a>\u00a0und <a href=\"https:\/\/twitter.com\/HonkHase\">HonkHase<\/a> vorgestellt werden. Nach einer ersten gemeinsamen Veranstaltung im Rahmen des Bundestagswahlkampfes 2021 der Gr\u00fcnen \u00fcber kritische Infrastruktur erkannten die beiden, dass in der Gesellschaft und Politik insbesondere im Digitalen der Weitblick f\u00fcr die Folgen- bzw. Risikoabsch\u00e4tzung fehlt. Sie zeigen auf, wohin die Reise gehen w\u00fcrde, wenn man nicht rechtzeitig gegensteuert. Da geht es u.a. um \u201eMenschenschutz by Design\u201c und letztlich die Frage, wie unsere Gesellschaft zuk\u00fcnftig funktionieren soll. \r\n\r\n\r\n\r\n<\/blockquote>\r\n<p>Den vollst\u00e4ndigen <a href=\"https:\/\/twitter.com\/cradar\">C-RadaR<\/a>\u00a0Podcast &#8222;AG Nachhaltige Digitalisierung (AGND)&#8220; mit <a href=\"https:\/\/twitter.com\/KrohnCaroline\">Caroline Krohn<\/a> und <a href=\"https:\/\/twitter.com\/HonkHase\">Manuel Atug<\/a> findet Ihr hier:<\/p>\r\n\r\n\r\n\r\n<p><a href=\"https:\/\/www.c-radar.de\/2022\/09\/c-radar-september-2022-balkonsolar-ag-nachhaltige-digitalisierung\/\">https:\/\/www.c-radar.de\/2022\/09\/c-radar-september-2022-balkonsolar-ag-nachhaltige-digitalisierung\/<\/a><\/p>\r\n\r\n\r\n\r\n<div class=\"wp-block-buttons is-content-justification-left is-layout-flex wp-container-core-buttons-is-layout-fdcfc74e wp-block-buttons-is-layout-flex\">\u00a0<\/div>\r\n","protected":false},"excerpt":{"rendered":"<p>Wir waren bei C-RadaR vom Chaos Computer Club zu Gast und haben dort im Podcast \u00fcber Nachhaltige Digitalisierung gesprochen. 01:01:05 Caro\u00a0und HonkHase sprechen auf der Bits &amp; B\u00e4ume. Im Jahr 2018 brachte die Konferenz Bits &amp; B\u00e4ume erstmals eine interessante Mischung von Personen und Organisationen zusammen. Dies soll nun am letzten Wochenende im September, 30.09.-02.10.2022 [&hellip;]<\/p>\n","protected":false},"author":2,"featured_media":476,"comment_status":"closed","ping_status":"closed","sticky":false,"template":"","format":"standard","meta":{"footnotes":""},"categories":[18],"tags":[19,50,47,48,49,46,20,23,22,24],"class_list":["post-468","post","type-post","status-publish","format-standard","has-post-thumbnail","hentry","category-podcast","tag-agnd","tag-bits-baeume","tag-c-radar","tag-ccc","tag-chaos-computer-club","tag-menschenschutz-by-design","tag-nachhaltige-digitalisierung","tag-privacy-by-design","tag-security-by-design","tag-technische-schulden"],"yoast_head":"<!-- This site is optimized with the Yoast SEO plugin v27.5 - https:\/\/yoast.com\/product\/yoast-seo-wordpress\/ -->\n<title>Die AG Nachhaltige Digitalisierung (AGND) beim C-RadaR Podcast September 2022 - AGND<\/title>\n<meta name=\"robots\" content=\"index, follow, max-snippet:-1, max-image-preview:large, max-video-preview:-1\" \/>\n<link rel=\"canonical\" href=\"https:\/\/www.agnd.eu\/index.php\/2022\/10\/01\/die-ag-nachhaltige-digitalisierung-agnd-beim-c-radar-podcast-september-2022\/\" \/>\n<meta property=\"og:locale\" content=\"de_DE\" \/>\n<meta property=\"og:type\" content=\"article\" \/>\n<meta property=\"og:title\" content=\"Die AG Nachhaltige Digitalisierung (AGND) beim C-RadaR Podcast September 2022 - AGND\" \/>\n<meta property=\"og:description\" content=\"Wir waren bei C-RadaR vom Chaos Computer Club zu Gast und haben dort im Podcast \u00fcber Nachhaltige Digitalisierung gesprochen. 01:01:05 Caro\u00a0und HonkHase sprechen auf der Bits &amp; B\u00e4ume. Im Jahr 2018 brachte die Konferenz Bits &amp; B\u00e4ume erstmals eine interessante Mischung von Personen und Organisationen zusammen. Dies soll nun am letzten Wochenende im September, 30.09.-02.10.2022 [&hellip;]\" \/>\n<meta property=\"og:url\" content=\"https:\/\/www.agnd.eu\/index.php\/2022\/10\/01\/die-ag-nachhaltige-digitalisierung-agnd-beim-c-radar-podcast-september-2022\/\" \/>\n<meta property=\"og:site_name\" content=\"AGND\" \/>\n<meta property=\"article:published_time\" content=\"2022-10-01T21:42:53+00:00\" \/>\n<meta property=\"article:modified_time\" content=\"2022-11-29T17:54:54+00:00\" \/>\n<meta property=\"og:image\" content=\"https:\/\/www.agnd.eu\/wp-content\/uploads\/2022\/09\/Cradar_Logo1.jpg\" \/>\n\t<meta property=\"og:image:width\" content=\"733\" \/>\n\t<meta property=\"og:image:height\" content=\"432\" \/>\n\t<meta property=\"og:image:type\" content=\"image\/jpeg\" \/>\n<meta name=\"author\" content=\"Manuel Atug\" \/>\n<meta name=\"twitter:card\" content=\"summary_large_image\" \/>\n<meta name=\"twitter:creator\" content=\"@honkhase\" \/>\n<meta name=\"twitter:label1\" content=\"Verfasst von\" \/>\n\t<meta name=\"twitter:data1\" content=\"Manuel Atug\" \/>\n\t<meta name=\"twitter:label2\" content=\"Gesch\u00e4tzte Lesezeit\" \/>\n\t<meta name=\"twitter:data2\" content=\"2\u00a0Minuten\" \/>\n<script type=\"application\/ld+json\" class=\"yoast-schema-graph\">{\"@context\":\"https:\\\/\\\/schema.org\",\"@graph\":[{\"@type\":\"Article\",\"@id\":\"https:\\\/\\\/www.agnd.eu\\\/index.php\\\/2022\\\/10\\\/01\\\/die-ag-nachhaltige-digitalisierung-agnd-beim-c-radar-podcast-september-2022\\\/#article\",\"isPartOf\":{\"@id\":\"https:\\\/\\\/www.agnd.eu\\\/index.php\\\/2022\\\/10\\\/01\\\/die-ag-nachhaltige-digitalisierung-agnd-beim-c-radar-podcast-september-2022\\\/\"},\"author\":{\"name\":\"Manuel Atug\",\"@id\":\"https:\\\/\\\/www.agnd.eu\\\/#\\\/schema\\\/person\\\/341f546abd5c00029e259bb53099d50e\"},\"headline\":\"Die AG Nachhaltige Digitalisierung (AGND) beim C-RadaR Podcast September 2022\",\"datePublished\":\"2022-10-01T21:42:53+00:00\",\"dateModified\":\"2022-11-29T17:54:54+00:00\",\"mainEntityOfPage\":{\"@id\":\"https:\\\/\\\/www.agnd.eu\\\/index.php\\\/2022\\\/10\\\/01\\\/die-ag-nachhaltige-digitalisierung-agnd-beim-c-radar-podcast-september-2022\\\/\"},\"wordCount\":218,\"publisher\":{\"@id\":\"https:\\\/\\\/www.agnd.eu\\\/#organization\"},\"image\":{\"@id\":\"https:\\\/\\\/www.agnd.eu\\\/index.php\\\/2022\\\/10\\\/01\\\/die-ag-nachhaltige-digitalisierung-agnd-beim-c-radar-podcast-september-2022\\\/#primaryimage\"},\"thumbnailUrl\":\"https:\\\/\\\/www.agnd.eu\\\/wp-content\\\/uploads\\\/2022\\\/09\\\/Cradar_Logo1.jpg\",\"keywords\":[\"AGND\",\"Bits &amp; B\u00e4ume\",\"c-RadaR\",\"CCC\",\"Chaos Computer Club\",\"Menschenschutz by Design\",\"Nachhaltige Digitalisierung\",\"Privacy by Design\",\"Security by Design\",\"Technische Schulden\"],\"articleSection\":[\"Podcast\"],\"inLanguage\":\"de\"},{\"@type\":\"WebPage\",\"@id\":\"https:\\\/\\\/www.agnd.eu\\\/index.php\\\/2022\\\/10\\\/01\\\/die-ag-nachhaltige-digitalisierung-agnd-beim-c-radar-podcast-september-2022\\\/\",\"url\":\"https:\\\/\\\/www.agnd.eu\\\/index.php\\\/2022\\\/10\\\/01\\\/die-ag-nachhaltige-digitalisierung-agnd-beim-c-radar-podcast-september-2022\\\/\",\"name\":\"Die AG Nachhaltige Digitalisierung (AGND) beim C-RadaR Podcast September 2022 - AGND\",\"isPartOf\":{\"@id\":\"https:\\\/\\\/www.agnd.eu\\\/#website\"},\"primaryImageOfPage\":{\"@id\":\"https:\\\/\\\/www.agnd.eu\\\/index.php\\\/2022\\\/10\\\/01\\\/die-ag-nachhaltige-digitalisierung-agnd-beim-c-radar-podcast-september-2022\\\/#primaryimage\"},\"image\":{\"@id\":\"https:\\\/\\\/www.agnd.eu\\\/index.php\\\/2022\\\/10\\\/01\\\/die-ag-nachhaltige-digitalisierung-agnd-beim-c-radar-podcast-september-2022\\\/#primaryimage\"},\"thumbnailUrl\":\"https:\\\/\\\/www.agnd.eu\\\/wp-content\\\/uploads\\\/2022\\\/09\\\/Cradar_Logo1.jpg\",\"datePublished\":\"2022-10-01T21:42:53+00:00\",\"dateModified\":\"2022-11-29T17:54:54+00:00\",\"breadcrumb\":{\"@id\":\"https:\\\/\\\/www.agnd.eu\\\/index.php\\\/2022\\\/10\\\/01\\\/die-ag-nachhaltige-digitalisierung-agnd-beim-c-radar-podcast-september-2022\\\/#breadcrumb\"},\"inLanguage\":\"de\",\"potentialAction\":[{\"@type\":\"ReadAction\",\"target\":[\"https:\\\/\\\/www.agnd.eu\\\/index.php\\\/2022\\\/10\\\/01\\\/die-ag-nachhaltige-digitalisierung-agnd-beim-c-radar-podcast-september-2022\\\/\"]}]},{\"@type\":\"ImageObject\",\"inLanguage\":\"de\",\"@id\":\"https:\\\/\\\/www.agnd.eu\\\/index.php\\\/2022\\\/10\\\/01\\\/die-ag-nachhaltige-digitalisierung-agnd-beim-c-radar-podcast-september-2022\\\/#primaryimage\",\"url\":\"https:\\\/\\\/www.agnd.eu\\\/wp-content\\\/uploads\\\/2022\\\/09\\\/Cradar_Logo1.jpg\",\"contentUrl\":\"https:\\\/\\\/www.agnd.eu\\\/wp-content\\\/uploads\\\/2022\\\/09\\\/Cradar_Logo1.jpg\",\"width\":733,\"height\":432},{\"@type\":\"BreadcrumbList\",\"@id\":\"https:\\\/\\\/www.agnd.eu\\\/index.php\\\/2022\\\/10\\\/01\\\/die-ag-nachhaltige-digitalisierung-agnd-beim-c-radar-podcast-september-2022\\\/#breadcrumb\",\"itemListElement\":[{\"@type\":\"ListItem\",\"position\":1,\"name\":\"Startseite\",\"item\":\"https:\\\/\\\/www.agnd.eu\\\/\"},{\"@type\":\"ListItem\",\"position\":2,\"name\":\"Die AG Nachhaltige Digitalisierung (AGND) beim C-RadaR Podcast September 2022\"}]},{\"@type\":\"WebSite\",\"@id\":\"https:\\\/\\\/www.agnd.eu\\\/#website\",\"url\":\"https:\\\/\\\/www.agnd.eu\\\/\",\"name\":\"AGND\",\"description\":\"AG Nachhaltige Digitalisierung\",\"publisher\":{\"@id\":\"https:\\\/\\\/www.agnd.eu\\\/#organization\"},\"potentialAction\":[{\"@type\":\"SearchAction\",\"target\":{\"@type\":\"EntryPoint\",\"urlTemplate\":\"https:\\\/\\\/www.agnd.eu\\\/?s={search_term_string}\"},\"query-input\":{\"@type\":\"PropertyValueSpecification\",\"valueRequired\":true,\"valueName\":\"search_term_string\"}}],\"inLanguage\":\"de\"},{\"@type\":\"Organization\",\"@id\":\"https:\\\/\\\/www.agnd.eu\\\/#organization\",\"name\":\"AGND\",\"url\":\"https:\\\/\\\/www.agnd.eu\\\/\",\"logo\":{\"@type\":\"ImageObject\",\"inLanguage\":\"de\",\"@id\":\"https:\\\/\\\/www.agnd.eu\\\/#\\\/schema\\\/logo\\\/image\\\/\",\"url\":\"\",\"contentUrl\":\"\",\"caption\":\"AGND\"},\"image\":{\"@id\":\"https:\\\/\\\/www.agnd.eu\\\/#\\\/schema\\\/logo\\\/image\\\/\"}},{\"@type\":\"Person\",\"@id\":\"https:\\\/\\\/www.agnd.eu\\\/#\\\/schema\\\/person\\\/341f546abd5c00029e259bb53099d50e\",\"name\":\"Manuel Atug\",\"image\":{\"@type\":\"ImageObject\",\"inLanguage\":\"de\",\"@id\":\"https:\\\/\\\/secure.gravatar.com\\\/avatar\\\/6dd06291c728f62511f816af3bb74ad575d7b9d1210738acf82de517dec1d496?s=96&d=mm&r=g\",\"url\":\"https:\\\/\\\/secure.gravatar.com\\\/avatar\\\/6dd06291c728f62511f816af3bb74ad575d7b9d1210738acf82de517dec1d496?s=96&d=mm&r=g\",\"contentUrl\":\"https:\\\/\\\/secure.gravatar.com\\\/avatar\\\/6dd06291c728f62511f816af3bb74ad575d7b9d1210738acf82de517dec1d496?s=96&d=mm&r=g\",\"caption\":\"Manuel Atug\"},\"sameAs\":[\"http:\\\/\\\/www.agnd.eu\",\"https:\\\/\\\/www.linkedin.com\\\/in\\\/manuel-atug-820b27241\\\/\",\"https:\\\/\\\/x.com\\\/honkhase\",\"https:\\\/\\\/www.youtube.com\\\/channel\\\/UC6Y6tk5UyUyCJ4lKSDfOk2g\"],\"url\":\"https:\\\/\\\/www.agnd.eu\\\/index.php\\\/author\\\/manuelagnd\\\/\"}]}<\/script>\n<!-- \/ Yoast SEO plugin. -->","yoast_head_json":{"title":"Die AG Nachhaltige Digitalisierung (AGND) beim C-RadaR Podcast September 2022 - AGND","robots":{"index":"index","follow":"follow","max-snippet":"max-snippet:-1","max-image-preview":"max-image-preview:large","max-video-preview":"max-video-preview:-1"},"canonical":"https:\/\/www.agnd.eu\/index.php\/2022\/10\/01\/die-ag-nachhaltige-digitalisierung-agnd-beim-c-radar-podcast-september-2022\/","og_locale":"de_DE","og_type":"article","og_title":"Die AG Nachhaltige Digitalisierung (AGND) beim C-RadaR Podcast September 2022 - AGND","og_description":"Wir waren bei C-RadaR vom Chaos Computer Club zu Gast und haben dort im Podcast \u00fcber Nachhaltige Digitalisierung gesprochen. 01:01:05 Caro\u00a0und HonkHase sprechen auf der Bits &amp; B\u00e4ume. Im Jahr 2018 brachte die Konferenz Bits &amp; B\u00e4ume erstmals eine interessante Mischung von Personen und Organisationen zusammen. Dies soll nun am letzten Wochenende im September, 30.09.-02.10.2022 [&hellip;]","og_url":"https:\/\/www.agnd.eu\/index.php\/2022\/10\/01\/die-ag-nachhaltige-digitalisierung-agnd-beim-c-radar-podcast-september-2022\/","og_site_name":"AGND","article_published_time":"2022-10-01T21:42:53+00:00","article_modified_time":"2022-11-29T17:54:54+00:00","og_image":[{"width":733,"height":432,"url":"https:\/\/www.agnd.eu\/wp-content\/uploads\/2022\/09\/Cradar_Logo1.jpg","type":"image\/jpeg"}],"author":"Manuel Atug","twitter_card":"summary_large_image","twitter_creator":"@honkhase","twitter_misc":{"Verfasst von":"Manuel Atug","Gesch\u00e4tzte Lesezeit":"2\u00a0Minuten"},"schema":{"@context":"https:\/\/schema.org","@graph":[{"@type":"Article","@id":"https:\/\/www.agnd.eu\/index.php\/2022\/10\/01\/die-ag-nachhaltige-digitalisierung-agnd-beim-c-radar-podcast-september-2022\/#article","isPartOf":{"@id":"https:\/\/www.agnd.eu\/index.php\/2022\/10\/01\/die-ag-nachhaltige-digitalisierung-agnd-beim-c-radar-podcast-september-2022\/"},"author":{"name":"Manuel Atug","@id":"https:\/\/www.agnd.eu\/#\/schema\/person\/341f546abd5c00029e259bb53099d50e"},"headline":"Die AG Nachhaltige Digitalisierung (AGND) beim C-RadaR Podcast September 2022","datePublished":"2022-10-01T21:42:53+00:00","dateModified":"2022-11-29T17:54:54+00:00","mainEntityOfPage":{"@id":"https:\/\/www.agnd.eu\/index.php\/2022\/10\/01\/die-ag-nachhaltige-digitalisierung-agnd-beim-c-radar-podcast-september-2022\/"},"wordCount":218,"publisher":{"@id":"https:\/\/www.agnd.eu\/#organization"},"image":{"@id":"https:\/\/www.agnd.eu\/index.php\/2022\/10\/01\/die-ag-nachhaltige-digitalisierung-agnd-beim-c-radar-podcast-september-2022\/#primaryimage"},"thumbnailUrl":"https:\/\/www.agnd.eu\/wp-content\/uploads\/2022\/09\/Cradar_Logo1.jpg","keywords":["AGND","Bits &amp; B\u00e4ume","c-RadaR","CCC","Chaos Computer Club","Menschenschutz by Design","Nachhaltige Digitalisierung","Privacy by Design","Security by Design","Technische Schulden"],"articleSection":["Podcast"],"inLanguage":"de"},{"@type":"WebPage","@id":"https:\/\/www.agnd.eu\/index.php\/2022\/10\/01\/die-ag-nachhaltige-digitalisierung-agnd-beim-c-radar-podcast-september-2022\/","url":"https:\/\/www.agnd.eu\/index.php\/2022\/10\/01\/die-ag-nachhaltige-digitalisierung-agnd-beim-c-radar-podcast-september-2022\/","name":"Die AG Nachhaltige Digitalisierung (AGND) beim C-RadaR Podcast September 2022 - AGND","isPartOf":{"@id":"https:\/\/www.agnd.eu\/#website"},"primaryImageOfPage":{"@id":"https:\/\/www.agnd.eu\/index.php\/2022\/10\/01\/die-ag-nachhaltige-digitalisierung-agnd-beim-c-radar-podcast-september-2022\/#primaryimage"},"image":{"@id":"https:\/\/www.agnd.eu\/index.php\/2022\/10\/01\/die-ag-nachhaltige-digitalisierung-agnd-beim-c-radar-podcast-september-2022\/#primaryimage"},"thumbnailUrl":"https:\/\/www.agnd.eu\/wp-content\/uploads\/2022\/09\/Cradar_Logo1.jpg","datePublished":"2022-10-01T21:42:53+00:00","dateModified":"2022-11-29T17:54:54+00:00","breadcrumb":{"@id":"https:\/\/www.agnd.eu\/index.php\/2022\/10\/01\/die-ag-nachhaltige-digitalisierung-agnd-beim-c-radar-podcast-september-2022\/#breadcrumb"},"inLanguage":"de","potentialAction":[{"@type":"ReadAction","target":["https:\/\/www.agnd.eu\/index.php\/2022\/10\/01\/die-ag-nachhaltige-digitalisierung-agnd-beim-c-radar-podcast-september-2022\/"]}]},{"@type":"ImageObject","inLanguage":"de","@id":"https:\/\/www.agnd.eu\/index.php\/2022\/10\/01\/die-ag-nachhaltige-digitalisierung-agnd-beim-c-radar-podcast-september-2022\/#primaryimage","url":"https:\/\/www.agnd.eu\/wp-content\/uploads\/2022\/09\/Cradar_Logo1.jpg","contentUrl":"https:\/\/www.agnd.eu\/wp-content\/uploads\/2022\/09\/Cradar_Logo1.jpg","width":733,"height":432},{"@type":"BreadcrumbList","@id":"https:\/\/www.agnd.eu\/index.php\/2022\/10\/01\/die-ag-nachhaltige-digitalisierung-agnd-beim-c-radar-podcast-september-2022\/#breadcrumb","itemListElement":[{"@type":"ListItem","position":1,"name":"Startseite","item":"https:\/\/www.agnd.eu\/"},{"@type":"ListItem","position":2,"name":"Die AG Nachhaltige Digitalisierung (AGND) beim C-RadaR Podcast September 2022"}]},{"@type":"WebSite","@id":"https:\/\/www.agnd.eu\/#website","url":"https:\/\/www.agnd.eu\/","name":"AGND","description":"AG Nachhaltige Digitalisierung","publisher":{"@id":"https:\/\/www.agnd.eu\/#organization"},"potentialAction":[{"@type":"SearchAction","target":{"@type":"EntryPoint","urlTemplate":"https:\/\/www.agnd.eu\/?s={search_term_string}"},"query-input":{"@type":"PropertyValueSpecification","valueRequired":true,"valueName":"search_term_string"}}],"inLanguage":"de"},{"@type":"Organization","@id":"https:\/\/www.agnd.eu\/#organization","name":"AGND","url":"https:\/\/www.agnd.eu\/","logo":{"@type":"ImageObject","inLanguage":"de","@id":"https:\/\/www.agnd.eu\/#\/schema\/logo\/image\/","url":"","contentUrl":"","caption":"AGND"},"image":{"@id":"https:\/\/www.agnd.eu\/#\/schema\/logo\/image\/"}},{"@type":"Person","@id":"https:\/\/www.agnd.eu\/#\/schema\/person\/341f546abd5c00029e259bb53099d50e","name":"Manuel Atug","image":{"@type":"ImageObject","inLanguage":"de","@id":"https:\/\/secure.gravatar.com\/avatar\/6dd06291c728f62511f816af3bb74ad575d7b9d1210738acf82de517dec1d496?s=96&d=mm&r=g","url":"https:\/\/secure.gravatar.com\/avatar\/6dd06291c728f62511f816af3bb74ad575d7b9d1210738acf82de517dec1d496?s=96&d=mm&r=g","contentUrl":"https:\/\/secure.gravatar.com\/avatar\/6dd06291c728f62511f816af3bb74ad575d7b9d1210738acf82de517dec1d496?s=96&d=mm&r=g","caption":"Manuel Atug"},"sameAs":["http:\/\/www.agnd.eu","https:\/\/www.linkedin.com\/in\/manuel-atug-820b27241\/","https:\/\/x.com\/honkhase","https:\/\/www.youtube.com\/channel\/UC6Y6tk5UyUyCJ4lKSDfOk2g"],"url":"https:\/\/www.agnd.eu\/index.php\/author\/manuelagnd\/"}]}},"_links":{"self":[{"href":"https:\/\/www.agnd.eu\/index.php\/wp-json\/wp\/v2\/posts\/468","targetHints":{"allow":["GET"]}}],"collection":[{"href":"https:\/\/www.agnd.eu\/index.php\/wp-json\/wp\/v2\/posts"}],"about":[{"href":"https:\/\/www.agnd.eu\/index.php\/wp-json\/wp\/v2\/types\/post"}],"author":[{"embeddable":true,"href":"https:\/\/www.agnd.eu\/index.php\/wp-json\/wp\/v2\/users\/2"}],"replies":[{"embeddable":true,"href":"https:\/\/www.agnd.eu\/index.php\/wp-json\/wp\/v2\/comments?post=468"}],"version-history":[{"count":5,"href":"https:\/\/www.agnd.eu\/index.php\/wp-json\/wp\/v2\/posts\/468\/revisions"}],"predecessor-version":[{"id":502,"href":"https:\/\/www.agnd.eu\/index.php\/wp-json\/wp\/v2\/posts\/468\/revisions\/502"}],"wp:featuredmedia":[{"embeddable":true,"href":"https:\/\/www.agnd.eu\/index.php\/wp-json\/wp\/v2\/media\/476"}],"wp:attachment":[{"href":"https:\/\/www.agnd.eu\/index.php\/wp-json\/wp\/v2\/media?parent=468"}],"wp:term":[{"taxonomy":"category","embeddable":true,"href":"https:\/\/www.agnd.eu\/index.php\/wp-json\/wp\/v2\/categories?post=468"},{"taxonomy":"post_tag","embeddable":true,"href":"https:\/\/www.agnd.eu\/index.php\/wp-json\/wp\/v2\/tags?post=468"}],"curies":[{"name":"wp","href":"https:\/\/api.w.org\/{rel}","templated":true}]}}