{"id":498,"date":"2023-02-17T23:42:01","date_gmt":"2023-02-17T22:42:01","guid":{"rendered":"https:\/\/www.agnd.eu\/?p=498"},"modified":"2023-03-07T16:39:23","modified_gmt":"2023-03-07T15:39:23","slug":"schriftliche-stellungnahme-zur-oeffentliche-konsultation-zur-transformation-des-vergaberechts-vom-bmwk","status":"publish","type":"post","link":"https:\/\/www.agnd.eu\/index.php\/2023\/02\/17\/schriftliche-stellungnahme-zur-oeffentliche-konsultation-zur-transformation-des-vergaberechts-vom-bmwk\/","title":{"rendered":"Schriftliche Stellungnahme zur \u00d6ffentliche Konsultation zur Transformation des Vergaberechts vom BMWK"},"content":{"rendered":"<p>F\u00fcr die \u00f6ffentliche Konsultation zur Transformation des Vergaberechts (&#8222;Vergabetransformationspaket&#8220;) durch das Bundesministerium f\u00fcr Wirtschaft und Klimaschutz (BMWK) haben unsere Mitglieder, Gr\u00fcnderin und Sprecherin Caroline Krohn sowie Manuel &#8218;HonkHase&#8216; Atug eine schriftliche Stellungnahme eingereicht. Der Titel der \u00f6ffentlichen Anh\u00f6rung ist &#8222;Cybersicherheit &#8211; Zust\u00e4ndigkeiten und Instrumente in der Bundesrepublik Deutschland&#8220;. Die Stellungnahme wurde fristgerecht am 17.02.2023 dem BMWK zur Verf\u00fcgung gestellt.<\/p>\n<blockquote><p>&#8222;Grunds\u00e4tzliche Anmerkung: Nachhaltigkeit beschr\u00e4nkt sich nicht auf \u00f6kologische Fragen. Im Hinblick auf eine echte Transformation \u2013 gerade auch im Zuge der Digitalisierung \u2013 ist die soziale Frage eine mindestens ebenso wichtige. Alles, was in diesem Papier steht, hat mittelbare oder unmittelbare Auswirkung auf die Unversehrtheit des Einzelnen und der Gesellschaft. Wenn Weichen falsch oder auch nur einseitig gestellt werden, finden wir uns zwar in einer Situation wieder, in der der Mensch sich dem Klimawandel noch anpassen und \u00fcberleben kann. Aber mit dem rein \u00f6kologischen Blick findet er sich dann in einer Welt wieder, in der er nicht mehr in Freiheit und Selbstbestimmung, in Vielfalt und Teilhabe in der Gesellschaft, in Sicherheit und Unversehrtheit, Wohlstand und Bildung leben wird.&#8220;<\/p>\n<p>Auszug aus der schriftlichen Stellungnahme der AGND<\/p><\/blockquote>\n<p>Die <a href=\"https:\/\/www.agnd.eu\/wp-content\/uploads\/2023\/03\/AGND-Stellungnahme-BMWK-2023.pdf\">AGND Stellungnahme BMWK 2023<\/a> steht hier als PDF zur Verf\u00fcgung.<\/p>\n","protected":false},"excerpt":{"rendered":"<p>F\u00fcr die \u00f6ffentliche Konsultation zur Transformation des Vergaberechts (&#8222;Vergabetransformationspaket&#8220;) durch das Bundesministerium f\u00fcr Wirtschaft und Klimaschutz (BMWK) haben unsere Mitglieder, Gr\u00fcnderin und Sprecherin Caroline Krohn sowie Manuel &#8218;HonkHase&#8216; Atug eine schriftliche Stellungnahme eingereicht. Der Titel der \u00f6ffentlichen Anh\u00f6rung ist &#8222;Cybersicherheit &#8211; Zust\u00e4ndigkeiten und Instrumente in der Bundesrepublik Deutschland&#8220;. Die Stellungnahme wurde fristgerecht am 17.02.2023 dem [&hellip;]<\/p>\n","protected":false},"author":2,"featured_media":500,"comment_status":"closed","ping_status":"closed","sticky":false,"template":"","format":"standard","meta":{"footnotes":""},"categories":[58],"tags":[56,20,57,55],"class_list":["post-498","post","type-post","status-publish","format-standard","has-post-thumbnail","hentry","category-stellungnahme","tag-bmwk","tag-nachhaltige-digitalisierung","tag-stellungnahme","tag-vergabetransformationspaket"],"yoast_head":"<!-- This site is optimized with the Yoast SEO plugin v27.5 - https:\/\/yoast.com\/product\/yoast-seo-wordpress\/ -->\n<title>Schriftliche Stellungnahme zur \u00d6ffentliche Konsultation zur Transformation des Vergaberechts vom BMWK - AGND<\/title>\n<meta name=\"robots\" content=\"index, follow, max-snippet:-1, max-image-preview:large, max-video-preview:-1\" \/>\n<link rel=\"canonical\" href=\"https:\/\/www.agnd.eu\/index.php\/2023\/02\/17\/schriftliche-stellungnahme-zur-oeffentliche-konsultation-zur-transformation-des-vergaberechts-vom-bmwk\/\" \/>\n<meta property=\"og:locale\" content=\"de_DE\" \/>\n<meta property=\"og:type\" content=\"article\" \/>\n<meta property=\"og:title\" content=\"Schriftliche Stellungnahme zur \u00d6ffentliche Konsultation zur Transformation des Vergaberechts vom BMWK - AGND\" \/>\n<meta property=\"og:description\" content=\"F\u00fcr die \u00f6ffentliche Konsultation zur Transformation des Vergaberechts (&#8222;Vergabetransformationspaket&#8220;) durch das Bundesministerium f\u00fcr Wirtschaft und Klimaschutz (BMWK) haben unsere Mitglieder, Gr\u00fcnderin und Sprecherin Caroline Krohn sowie Manuel &#8218;HonkHase&#8216; Atug eine schriftliche Stellungnahme eingereicht. Der Titel der \u00f6ffentlichen Anh\u00f6rung ist &#8222;Cybersicherheit &#8211; Zust\u00e4ndigkeiten und Instrumente in der Bundesrepublik Deutschland&#8220;. Die Stellungnahme wurde fristgerecht am 17.02.2023 dem [&hellip;]\" \/>\n<meta property=\"og:url\" content=\"https:\/\/www.agnd.eu\/index.php\/2023\/02\/17\/schriftliche-stellungnahme-zur-oeffentliche-konsultation-zur-transformation-des-vergaberechts-vom-bmwk\/\" \/>\n<meta property=\"og:site_name\" content=\"AGND\" \/>\n<meta property=\"article:published_time\" content=\"2023-02-17T22:42:01+00:00\" \/>\n<meta property=\"article:modified_time\" content=\"2023-03-07T15:39:23+00:00\" \/>\n<meta property=\"og:image\" content=\"https:\/\/www.agnd.eu\/wp-content\/uploads\/2023\/03\/Stellungnahme-Vergabetransformationspaket-BMWK.jpg\" \/>\n\t<meta property=\"og:image:width\" content=\"820\" \/>\n\t<meta property=\"og:image:height\" content=\"771\" \/>\n\t<meta property=\"og:image:type\" content=\"image\/jpeg\" \/>\n<meta name=\"author\" content=\"Manuel Atug\" \/>\n<meta name=\"twitter:card\" content=\"summary_large_image\" \/>\n<meta name=\"twitter:creator\" content=\"@honkhase\" \/>\n<meta name=\"twitter:label1\" content=\"Verfasst von\" \/>\n\t<meta name=\"twitter:data1\" content=\"Manuel Atug\" \/>\n\t<meta name=\"twitter:label2\" content=\"Gesch\u00e4tzte Lesezeit\" \/>\n\t<meta name=\"twitter:data2\" content=\"2\u00a0Minuten\" \/>\n<script type=\"application\/ld+json\" class=\"yoast-schema-graph\">{\"@context\":\"https:\\\/\\\/schema.org\",\"@graph\":[{\"@type\":\"Article\",\"@id\":\"https:\\\/\\\/www.agnd.eu\\\/index.php\\\/2023\\\/02\\\/17\\\/schriftliche-stellungnahme-zur-oeffentliche-konsultation-zur-transformation-des-vergaberechts-vom-bmwk\\\/#article\",\"isPartOf\":{\"@id\":\"https:\\\/\\\/www.agnd.eu\\\/index.php\\\/2023\\\/02\\\/17\\\/schriftliche-stellungnahme-zur-oeffentliche-konsultation-zur-transformation-des-vergaberechts-vom-bmwk\\\/\"},\"author\":{\"name\":\"Manuel Atug\",\"@id\":\"https:\\\/\\\/www.agnd.eu\\\/#\\\/schema\\\/person\\\/341f546abd5c00029e259bb53099d50e\"},\"headline\":\"Schriftliche Stellungnahme zur \u00d6ffentliche Konsultation zur Transformation des Vergaberechts vom BMWK\",\"datePublished\":\"2023-02-17T22:42:01+00:00\",\"dateModified\":\"2023-03-07T15:39:23+00:00\",\"mainEntityOfPage\":{\"@id\":\"https:\\\/\\\/www.agnd.eu\\\/index.php\\\/2023\\\/02\\\/17\\\/schriftliche-stellungnahme-zur-oeffentliche-konsultation-zur-transformation-des-vergaberechts-vom-bmwk\\\/\"},\"wordCount\":211,\"publisher\":{\"@id\":\"https:\\\/\\\/www.agnd.eu\\\/#organization\"},\"image\":{\"@id\":\"https:\\\/\\\/www.agnd.eu\\\/index.php\\\/2023\\\/02\\\/17\\\/schriftliche-stellungnahme-zur-oeffentliche-konsultation-zur-transformation-des-vergaberechts-vom-bmwk\\\/#primaryimage\"},\"thumbnailUrl\":\"https:\\\/\\\/www.agnd.eu\\\/wp-content\\\/uploads\\\/2023\\\/03\\\/Stellungnahme-Vergabetransformationspaket-BMWK.jpg\",\"keywords\":[\"BMWK\",\"Nachhaltige Digitalisierung\",\"Stellungnahme\",\"Vergabetransformationspaket\"],\"articleSection\":[\"Stellungnahme\"],\"inLanguage\":\"de\"},{\"@type\":\"WebPage\",\"@id\":\"https:\\\/\\\/www.agnd.eu\\\/index.php\\\/2023\\\/02\\\/17\\\/schriftliche-stellungnahme-zur-oeffentliche-konsultation-zur-transformation-des-vergaberechts-vom-bmwk\\\/\",\"url\":\"https:\\\/\\\/www.agnd.eu\\\/index.php\\\/2023\\\/02\\\/17\\\/schriftliche-stellungnahme-zur-oeffentliche-konsultation-zur-transformation-des-vergaberechts-vom-bmwk\\\/\",\"name\":\"Schriftliche Stellungnahme zur \u00d6ffentliche Konsultation zur Transformation des Vergaberechts vom BMWK - AGND\",\"isPartOf\":{\"@id\":\"https:\\\/\\\/www.agnd.eu\\\/#website\"},\"primaryImageOfPage\":{\"@id\":\"https:\\\/\\\/www.agnd.eu\\\/index.php\\\/2023\\\/02\\\/17\\\/schriftliche-stellungnahme-zur-oeffentliche-konsultation-zur-transformation-des-vergaberechts-vom-bmwk\\\/#primaryimage\"},\"image\":{\"@id\":\"https:\\\/\\\/www.agnd.eu\\\/index.php\\\/2023\\\/02\\\/17\\\/schriftliche-stellungnahme-zur-oeffentliche-konsultation-zur-transformation-des-vergaberechts-vom-bmwk\\\/#primaryimage\"},\"thumbnailUrl\":\"https:\\\/\\\/www.agnd.eu\\\/wp-content\\\/uploads\\\/2023\\\/03\\\/Stellungnahme-Vergabetransformationspaket-BMWK.jpg\",\"datePublished\":\"2023-02-17T22:42:01+00:00\",\"dateModified\":\"2023-03-07T15:39:23+00:00\",\"breadcrumb\":{\"@id\":\"https:\\\/\\\/www.agnd.eu\\\/index.php\\\/2023\\\/02\\\/17\\\/schriftliche-stellungnahme-zur-oeffentliche-konsultation-zur-transformation-des-vergaberechts-vom-bmwk\\\/#breadcrumb\"},\"inLanguage\":\"de\",\"potentialAction\":[{\"@type\":\"ReadAction\",\"target\":[\"https:\\\/\\\/www.agnd.eu\\\/index.php\\\/2023\\\/02\\\/17\\\/schriftliche-stellungnahme-zur-oeffentliche-konsultation-zur-transformation-des-vergaberechts-vom-bmwk\\\/\"]}]},{\"@type\":\"ImageObject\",\"inLanguage\":\"de\",\"@id\":\"https:\\\/\\\/www.agnd.eu\\\/index.php\\\/2023\\\/02\\\/17\\\/schriftliche-stellungnahme-zur-oeffentliche-konsultation-zur-transformation-des-vergaberechts-vom-bmwk\\\/#primaryimage\",\"url\":\"https:\\\/\\\/www.agnd.eu\\\/wp-content\\\/uploads\\\/2023\\\/03\\\/Stellungnahme-Vergabetransformationspaket-BMWK.jpg\",\"contentUrl\":\"https:\\\/\\\/www.agnd.eu\\\/wp-content\\\/uploads\\\/2023\\\/03\\\/Stellungnahme-Vergabetransformationspaket-BMWK.jpg\",\"width\":820,\"height\":771},{\"@type\":\"BreadcrumbList\",\"@id\":\"https:\\\/\\\/www.agnd.eu\\\/index.php\\\/2023\\\/02\\\/17\\\/schriftliche-stellungnahme-zur-oeffentliche-konsultation-zur-transformation-des-vergaberechts-vom-bmwk\\\/#breadcrumb\",\"itemListElement\":[{\"@type\":\"ListItem\",\"position\":1,\"name\":\"Startseite\",\"item\":\"https:\\\/\\\/www.agnd.eu\\\/\"},{\"@type\":\"ListItem\",\"position\":2,\"name\":\"Schriftliche Stellungnahme zur \u00d6ffentliche Konsultation zur Transformation des Vergaberechts vom BMWK\"}]},{\"@type\":\"WebSite\",\"@id\":\"https:\\\/\\\/www.agnd.eu\\\/#website\",\"url\":\"https:\\\/\\\/www.agnd.eu\\\/\",\"name\":\"AGND\",\"description\":\"AG Nachhaltige Digitalisierung\",\"publisher\":{\"@id\":\"https:\\\/\\\/www.agnd.eu\\\/#organization\"},\"potentialAction\":[{\"@type\":\"SearchAction\",\"target\":{\"@type\":\"EntryPoint\",\"urlTemplate\":\"https:\\\/\\\/www.agnd.eu\\\/?s={search_term_string}\"},\"query-input\":{\"@type\":\"PropertyValueSpecification\",\"valueRequired\":true,\"valueName\":\"search_term_string\"}}],\"inLanguage\":\"de\"},{\"@type\":\"Organization\",\"@id\":\"https:\\\/\\\/www.agnd.eu\\\/#organization\",\"name\":\"AGND\",\"url\":\"https:\\\/\\\/www.agnd.eu\\\/\",\"logo\":{\"@type\":\"ImageObject\",\"inLanguage\":\"de\",\"@id\":\"https:\\\/\\\/www.agnd.eu\\\/#\\\/schema\\\/logo\\\/image\\\/\",\"url\":\"\",\"contentUrl\":\"\",\"caption\":\"AGND\"},\"image\":{\"@id\":\"https:\\\/\\\/www.agnd.eu\\\/#\\\/schema\\\/logo\\\/image\\\/\"}},{\"@type\":\"Person\",\"@id\":\"https:\\\/\\\/www.agnd.eu\\\/#\\\/schema\\\/person\\\/341f546abd5c00029e259bb53099d50e\",\"name\":\"Manuel Atug\",\"image\":{\"@type\":\"ImageObject\",\"inLanguage\":\"de\",\"@id\":\"https:\\\/\\\/secure.gravatar.com\\\/avatar\\\/6dd06291c728f62511f816af3bb74ad575d7b9d1210738acf82de517dec1d496?s=96&d=mm&r=g\",\"url\":\"https:\\\/\\\/secure.gravatar.com\\\/avatar\\\/6dd06291c728f62511f816af3bb74ad575d7b9d1210738acf82de517dec1d496?s=96&d=mm&r=g\",\"contentUrl\":\"https:\\\/\\\/secure.gravatar.com\\\/avatar\\\/6dd06291c728f62511f816af3bb74ad575d7b9d1210738acf82de517dec1d496?s=96&d=mm&r=g\",\"caption\":\"Manuel Atug\"},\"sameAs\":[\"http:\\\/\\\/www.agnd.eu\",\"https:\\\/\\\/www.linkedin.com\\\/in\\\/manuel-atug-820b27241\\\/\",\"https:\\\/\\\/x.com\\\/honkhase\",\"https:\\\/\\\/www.youtube.com\\\/channel\\\/UC6Y6tk5UyUyCJ4lKSDfOk2g\"],\"url\":\"https:\\\/\\\/www.agnd.eu\\\/index.php\\\/author\\\/manuelagnd\\\/\"}]}<\/script>\n<!-- \/ Yoast SEO plugin. -->","yoast_head_json":{"title":"Schriftliche Stellungnahme zur \u00d6ffentliche Konsultation zur Transformation des Vergaberechts vom BMWK - AGND","robots":{"index":"index","follow":"follow","max-snippet":"max-snippet:-1","max-image-preview":"max-image-preview:large","max-video-preview":"max-video-preview:-1"},"canonical":"https:\/\/www.agnd.eu\/index.php\/2023\/02\/17\/schriftliche-stellungnahme-zur-oeffentliche-konsultation-zur-transformation-des-vergaberechts-vom-bmwk\/","og_locale":"de_DE","og_type":"article","og_title":"Schriftliche Stellungnahme zur \u00d6ffentliche Konsultation zur Transformation des Vergaberechts vom BMWK - AGND","og_description":"F\u00fcr die \u00f6ffentliche Konsultation zur Transformation des Vergaberechts (&#8222;Vergabetransformationspaket&#8220;) durch das Bundesministerium f\u00fcr Wirtschaft und Klimaschutz (BMWK) haben unsere Mitglieder, Gr\u00fcnderin und Sprecherin Caroline Krohn sowie Manuel &#8218;HonkHase&#8216; Atug eine schriftliche Stellungnahme eingereicht. Der Titel der \u00f6ffentlichen Anh\u00f6rung ist &#8222;Cybersicherheit &#8211; Zust\u00e4ndigkeiten und Instrumente in der Bundesrepublik Deutschland&#8220;. Die Stellungnahme wurde fristgerecht am 17.02.2023 dem [&hellip;]","og_url":"https:\/\/www.agnd.eu\/index.php\/2023\/02\/17\/schriftliche-stellungnahme-zur-oeffentliche-konsultation-zur-transformation-des-vergaberechts-vom-bmwk\/","og_site_name":"AGND","article_published_time":"2023-02-17T22:42:01+00:00","article_modified_time":"2023-03-07T15:39:23+00:00","og_image":[{"width":820,"height":771,"url":"https:\/\/www.agnd.eu\/wp-content\/uploads\/2023\/03\/Stellungnahme-Vergabetransformationspaket-BMWK.jpg","type":"image\/jpeg"}],"author":"Manuel Atug","twitter_card":"summary_large_image","twitter_creator":"@honkhase","twitter_misc":{"Verfasst von":"Manuel Atug","Gesch\u00e4tzte Lesezeit":"2\u00a0Minuten"},"schema":{"@context":"https:\/\/schema.org","@graph":[{"@type":"Article","@id":"https:\/\/www.agnd.eu\/index.php\/2023\/02\/17\/schriftliche-stellungnahme-zur-oeffentliche-konsultation-zur-transformation-des-vergaberechts-vom-bmwk\/#article","isPartOf":{"@id":"https:\/\/www.agnd.eu\/index.php\/2023\/02\/17\/schriftliche-stellungnahme-zur-oeffentliche-konsultation-zur-transformation-des-vergaberechts-vom-bmwk\/"},"author":{"name":"Manuel Atug","@id":"https:\/\/www.agnd.eu\/#\/schema\/person\/341f546abd5c00029e259bb53099d50e"},"headline":"Schriftliche Stellungnahme zur \u00d6ffentliche Konsultation zur Transformation des Vergaberechts vom BMWK","datePublished":"2023-02-17T22:42:01+00:00","dateModified":"2023-03-07T15:39:23+00:00","mainEntityOfPage":{"@id":"https:\/\/www.agnd.eu\/index.php\/2023\/02\/17\/schriftliche-stellungnahme-zur-oeffentliche-konsultation-zur-transformation-des-vergaberechts-vom-bmwk\/"},"wordCount":211,"publisher":{"@id":"https:\/\/www.agnd.eu\/#organization"},"image":{"@id":"https:\/\/www.agnd.eu\/index.php\/2023\/02\/17\/schriftliche-stellungnahme-zur-oeffentliche-konsultation-zur-transformation-des-vergaberechts-vom-bmwk\/#primaryimage"},"thumbnailUrl":"https:\/\/www.agnd.eu\/wp-content\/uploads\/2023\/03\/Stellungnahme-Vergabetransformationspaket-BMWK.jpg","keywords":["BMWK","Nachhaltige Digitalisierung","Stellungnahme","Vergabetransformationspaket"],"articleSection":["Stellungnahme"],"inLanguage":"de"},{"@type":"WebPage","@id":"https:\/\/www.agnd.eu\/index.php\/2023\/02\/17\/schriftliche-stellungnahme-zur-oeffentliche-konsultation-zur-transformation-des-vergaberechts-vom-bmwk\/","url":"https:\/\/www.agnd.eu\/index.php\/2023\/02\/17\/schriftliche-stellungnahme-zur-oeffentliche-konsultation-zur-transformation-des-vergaberechts-vom-bmwk\/","name":"Schriftliche Stellungnahme zur \u00d6ffentliche Konsultation zur Transformation des Vergaberechts vom BMWK - AGND","isPartOf":{"@id":"https:\/\/www.agnd.eu\/#website"},"primaryImageOfPage":{"@id":"https:\/\/www.agnd.eu\/index.php\/2023\/02\/17\/schriftliche-stellungnahme-zur-oeffentliche-konsultation-zur-transformation-des-vergaberechts-vom-bmwk\/#primaryimage"},"image":{"@id":"https:\/\/www.agnd.eu\/index.php\/2023\/02\/17\/schriftliche-stellungnahme-zur-oeffentliche-konsultation-zur-transformation-des-vergaberechts-vom-bmwk\/#primaryimage"},"thumbnailUrl":"https:\/\/www.agnd.eu\/wp-content\/uploads\/2023\/03\/Stellungnahme-Vergabetransformationspaket-BMWK.jpg","datePublished":"2023-02-17T22:42:01+00:00","dateModified":"2023-03-07T15:39:23+00:00","breadcrumb":{"@id":"https:\/\/www.agnd.eu\/index.php\/2023\/02\/17\/schriftliche-stellungnahme-zur-oeffentliche-konsultation-zur-transformation-des-vergaberechts-vom-bmwk\/#breadcrumb"},"inLanguage":"de","potentialAction":[{"@type":"ReadAction","target":["https:\/\/www.agnd.eu\/index.php\/2023\/02\/17\/schriftliche-stellungnahme-zur-oeffentliche-konsultation-zur-transformation-des-vergaberechts-vom-bmwk\/"]}]},{"@type":"ImageObject","inLanguage":"de","@id":"https:\/\/www.agnd.eu\/index.php\/2023\/02\/17\/schriftliche-stellungnahme-zur-oeffentliche-konsultation-zur-transformation-des-vergaberechts-vom-bmwk\/#primaryimage","url":"https:\/\/www.agnd.eu\/wp-content\/uploads\/2023\/03\/Stellungnahme-Vergabetransformationspaket-BMWK.jpg","contentUrl":"https:\/\/www.agnd.eu\/wp-content\/uploads\/2023\/03\/Stellungnahme-Vergabetransformationspaket-BMWK.jpg","width":820,"height":771},{"@type":"BreadcrumbList","@id":"https:\/\/www.agnd.eu\/index.php\/2023\/02\/17\/schriftliche-stellungnahme-zur-oeffentliche-konsultation-zur-transformation-des-vergaberechts-vom-bmwk\/#breadcrumb","itemListElement":[{"@type":"ListItem","position":1,"name":"Startseite","item":"https:\/\/www.agnd.eu\/"},{"@type":"ListItem","position":2,"name":"Schriftliche Stellungnahme zur \u00d6ffentliche Konsultation zur Transformation des Vergaberechts vom BMWK"}]},{"@type":"WebSite","@id":"https:\/\/www.agnd.eu\/#website","url":"https:\/\/www.agnd.eu\/","name":"AGND","description":"AG Nachhaltige Digitalisierung","publisher":{"@id":"https:\/\/www.agnd.eu\/#organization"},"potentialAction":[{"@type":"SearchAction","target":{"@type":"EntryPoint","urlTemplate":"https:\/\/www.agnd.eu\/?s={search_term_string}"},"query-input":{"@type":"PropertyValueSpecification","valueRequired":true,"valueName":"search_term_string"}}],"inLanguage":"de"},{"@type":"Organization","@id":"https:\/\/www.agnd.eu\/#organization","name":"AGND","url":"https:\/\/www.agnd.eu\/","logo":{"@type":"ImageObject","inLanguage":"de","@id":"https:\/\/www.agnd.eu\/#\/schema\/logo\/image\/","url":"","contentUrl":"","caption":"AGND"},"image":{"@id":"https:\/\/www.agnd.eu\/#\/schema\/logo\/image\/"}},{"@type":"Person","@id":"https:\/\/www.agnd.eu\/#\/schema\/person\/341f546abd5c00029e259bb53099d50e","name":"Manuel Atug","image":{"@type":"ImageObject","inLanguage":"de","@id":"https:\/\/secure.gravatar.com\/avatar\/6dd06291c728f62511f816af3bb74ad575d7b9d1210738acf82de517dec1d496?s=96&d=mm&r=g","url":"https:\/\/secure.gravatar.com\/avatar\/6dd06291c728f62511f816af3bb74ad575d7b9d1210738acf82de517dec1d496?s=96&d=mm&r=g","contentUrl":"https:\/\/secure.gravatar.com\/avatar\/6dd06291c728f62511f816af3bb74ad575d7b9d1210738acf82de517dec1d496?s=96&d=mm&r=g","caption":"Manuel Atug"},"sameAs":["http:\/\/www.agnd.eu","https:\/\/www.linkedin.com\/in\/manuel-atug-820b27241\/","https:\/\/x.com\/honkhase","https:\/\/www.youtube.com\/channel\/UC6Y6tk5UyUyCJ4lKSDfOk2g"],"url":"https:\/\/www.agnd.eu\/index.php\/author\/manuelagnd\/"}]}},"_links":{"self":[{"href":"https:\/\/www.agnd.eu\/index.php\/wp-json\/wp\/v2\/posts\/498","targetHints":{"allow":["GET"]}}],"collection":[{"href":"https:\/\/www.agnd.eu\/index.php\/wp-json\/wp\/v2\/posts"}],"about":[{"href":"https:\/\/www.agnd.eu\/index.php\/wp-json\/wp\/v2\/types\/post"}],"author":[{"embeddable":true,"href":"https:\/\/www.agnd.eu\/index.php\/wp-json\/wp\/v2\/users\/2"}],"replies":[{"embeddable":true,"href":"https:\/\/www.agnd.eu\/index.php\/wp-json\/wp\/v2\/comments?post=498"}],"version-history":[{"count":2,"href":"https:\/\/www.agnd.eu\/index.php\/wp-json\/wp\/v2\/posts\/498\/revisions"}],"predecessor-version":[{"id":504,"href":"https:\/\/www.agnd.eu\/index.php\/wp-json\/wp\/v2\/posts\/498\/revisions\/504"}],"wp:featuredmedia":[{"embeddable":true,"href":"https:\/\/www.agnd.eu\/index.php\/wp-json\/wp\/v2\/media\/500"}],"wp:attachment":[{"href":"https:\/\/www.agnd.eu\/index.php\/wp-json\/wp\/v2\/media?parent=498"}],"wp:term":[{"taxonomy":"category","embeddable":true,"href":"https:\/\/www.agnd.eu\/index.php\/wp-json\/wp\/v2\/categories?post=498"},{"taxonomy":"post_tag","embeddable":true,"href":"https:\/\/www.agnd.eu\/index.php\/wp-json\/wp\/v2\/tags?post=498"}],"curies":[{"name":"wp","href":"https:\/\/api.w.org\/{rel}","templated":true}]}}