{"id":646,"date":"2024-03-19T23:42:13","date_gmt":"2024-03-19T22:42:13","guid":{"rendered":"https:\/\/www.agnd.eu\/?p=646"},"modified":"2024-03-20T09:13:36","modified_gmt":"2024-03-20T08:13:36","slug":"offener-brief-protest-gegen-die-beschaedigung-des-amtes-des-der-bundesbeauftragten-fuer-datenschutz-und-informationsfreiheit-bfdi","status":"publish","type":"post","link":"https:\/\/www.agnd.eu\/index.php\/2024\/03\/19\/offener-brief-protest-gegen-die-beschaedigung-des-amtes-des-der-bundesbeauftragten-fuer-datenschutz-und-informationsfreiheit-bfdi\/","title":{"rendered":"Offener Brief: Protest gegen die Besch\u00e4digung des Amtes des\/der Bundesbeauftragten f\u00fcr Datenschutz und Informationsfreiheit (BfDI)"},"content":{"rendered":"<p>Auch Caroline Krohn, Gr\u00fcnderin und Sprecherin der AG Nachhaltige Digitalisierung, hat den offenen Brief zum Protest gegen die Besch\u00e4digung des Amtes des\/der Bundesbeauftragten f\u00fcr Datenschutz und Informationsfreiheit (BfDI) f\u00fcr die AGND mitgezeichnet. Insgesamt 23 nahmhafte Organisationen haben den offenen Brief vom 19.03.2024 mitgezeichnet. Den offenen Brief ver\u00f6ffentlichen wir hier.<\/p>\n<blockquote><p>&#8222;Wir fordern die Bundesregierung und den Bundestag auf, den bereits in erheblicher Weise entstandenen Schaden nach allen Kr\u00e4ften zu begrenzen und schnellstm\u00f6glich Klarheit \u00fcber die Fortf\u00fchrung zu schaffen. Um die Besch\u00e4digung nicht als Dauerzustand fortzusetzen, m\u00fcssen au\u00dferdem die Weichen f\u00fcr die St\u00e4rkung der Unabh\u00e4ngigkeit des Bundesbeauftragten f\u00fcr Datenschutz und Informationsfreiheit durch das Festschreiben eines transparenten Benennungsverfahrens gestellt werden.&#8220; Offener Brief vom 19.03.2024<\/p><\/blockquote>\n<p>Der offene Brief ist \u00f6ffentlich verf\u00fcgbar und kann hier abgerufen werden.<\/p>\n<div  class='avia-button-wrap av-2cqob5-5b9bfed333a41d404d6a8e436ba23902-wrap avia-button-center  avia-builder-el-0  avia-builder-el-no-sibling ' ><a href='https:\/\/www.agnd.eu\/wp-content\/uploads\/2024\/03\/Offener-Brief-zum-BfDI-20240320.pdf'  class='avia-button av-2cqob5-5b9bfed333a41d404d6a8e436ba23902 avia-icon_select-yes-left-icon avia-size-small avia-position-center avia-color-theme-color'  target=\"_blank\"  rel=\"noopener noreferrer\"><span class='avia_button_icon avia_button_icon_left' aria-hidden='true' data-av_icon='\ue80d' data-av_iconfont='entypo-fontello'><\/span><span class='avia_iconbox_title' >Offener Brief<\/span><\/a><\/div>\n","protected":false},"excerpt":{"rendered":"<p>Auch Caroline Krohn, Gr\u00fcnderin und Sprecherin der AG Nachhaltige Digitalisierung, hat den offenen Brief zum Protest gegen die Besch\u00e4digung des Amtes des\/der Bundesbeauftragten f\u00fcr Datenschutz und Informationsfreiheit (BfDI) f\u00fcr die AGND mitgezeichnet. Insgesamt 23 nahmhafte Organisationen haben den offenen Brief vom 19.03.2024 mitgezeichnet. Den offenen Brief ver\u00f6ffentlichen wir hier. &#8222;Wir fordern die Bundesregierung und den [&hellip;]<\/p>\n","protected":false},"author":2,"featured_media":648,"comment_status":"closed","ping_status":"closed","sticky":false,"template":"","format":"standard","meta":{"footnotes":""},"categories":[58],"tags":[120,118,29,71,117,119],"class_list":["post-646","post","type-post","status-publish","format-standard","has-post-thumbnail","hentry","category-stellungnahme","tag-bdsg","tag-bfdi","tag-datenschutz","tag-dsgvo","tag-offener-brief","tag-transparenz"],"yoast_head":"<!-- This site is optimized with the Yoast SEO plugin v27.5 - https:\/\/yoast.com\/product\/yoast-seo-wordpress\/ -->\n<title>Offener Brief: Protest gegen die Besch\u00e4digung des Amtes des\/der Bundesbeauftragten f\u00fcr Datenschutz und Informationsfreiheit (BfDI) - AGND<\/title>\n<meta name=\"robots\" content=\"index, follow, max-snippet:-1, max-image-preview:large, max-video-preview:-1\" \/>\n<link rel=\"canonical\" href=\"https:\/\/www.agnd.eu\/index.php\/2024\/03\/19\/offener-brief-protest-gegen-die-beschaedigung-des-amtes-des-der-bundesbeauftragten-fuer-datenschutz-und-informationsfreiheit-bfdi\/\" \/>\n<meta property=\"og:locale\" content=\"de_DE\" \/>\n<meta property=\"og:type\" content=\"article\" \/>\n<meta property=\"og:title\" content=\"Offener Brief: Protest gegen die Besch\u00e4digung des Amtes des\/der Bundesbeauftragten f\u00fcr Datenschutz und Informationsfreiheit (BfDI) - AGND\" \/>\n<meta property=\"og:description\" content=\"Auch Caroline Krohn, Gr\u00fcnderin und Sprecherin der AG Nachhaltige Digitalisierung, hat den offenen Brief zum Protest gegen die Besch\u00e4digung des Amtes des\/der Bundesbeauftragten f\u00fcr Datenschutz und Informationsfreiheit (BfDI) f\u00fcr die AGND mitgezeichnet. Insgesamt 23 nahmhafte Organisationen haben den offenen Brief vom 19.03.2024 mitgezeichnet. Den offenen Brief ver\u00f6ffentlichen wir hier. &#8222;Wir fordern die Bundesregierung und den [&hellip;]\" \/>\n<meta property=\"og:url\" content=\"https:\/\/www.agnd.eu\/index.php\/2024\/03\/19\/offener-brief-protest-gegen-die-beschaedigung-des-amtes-des-der-bundesbeauftragten-fuer-datenschutz-und-informationsfreiheit-bfdi\/\" \/>\n<meta property=\"og:site_name\" content=\"AGND\" \/>\n<meta property=\"article:published_time\" content=\"2024-03-19T22:42:13+00:00\" \/>\n<meta property=\"article:modified_time\" content=\"2024-03-20T08:13:36+00:00\" \/>\n<meta property=\"og:image\" content=\"https:\/\/www.agnd.eu\/wp-content\/uploads\/2024\/03\/marija-zaric-Vdz1YQgDQz8-unsplash-1030x687.jpg\" \/>\n\t<meta property=\"og:image:width\" content=\"1030\" \/>\n\t<meta property=\"og:image:height\" content=\"687\" \/>\n\t<meta property=\"og:image:type\" content=\"image\/jpeg\" \/>\n<meta name=\"author\" content=\"Manuel Atug\" \/>\n<meta name=\"twitter:card\" content=\"summary_large_image\" \/>\n<meta name=\"twitter:creator\" content=\"@honkhase\" \/>\n<meta name=\"twitter:label1\" content=\"Verfasst von\" \/>\n\t<meta name=\"twitter:data1\" content=\"Manuel Atug\" \/>\n\t<meta name=\"twitter:label2\" content=\"Gesch\u00e4tzte Lesezeit\" \/>\n\t<meta name=\"twitter:data2\" content=\"1\u00a0Minute\" \/>\n<script type=\"application\/ld+json\" class=\"yoast-schema-graph\">{\"@context\":\"https:\\\/\\\/schema.org\",\"@graph\":[{\"@type\":\"Article\",\"@id\":\"https:\\\/\\\/www.agnd.eu\\\/index.php\\\/2024\\\/03\\\/19\\\/offener-brief-protest-gegen-die-beschaedigung-des-amtes-des-der-bundesbeauftragten-fuer-datenschutz-und-informationsfreiheit-bfdi\\\/#article\",\"isPartOf\":{\"@id\":\"https:\\\/\\\/www.agnd.eu\\\/index.php\\\/2024\\\/03\\\/19\\\/offener-brief-protest-gegen-die-beschaedigung-des-amtes-des-der-bundesbeauftragten-fuer-datenschutz-und-informationsfreiheit-bfdi\\\/\"},\"author\":{\"name\":\"Manuel Atug\",\"@id\":\"https:\\\/\\\/www.agnd.eu\\\/#\\\/schema\\\/person\\\/341f546abd5c00029e259bb53099d50e\"},\"headline\":\"Offener Brief: Protest gegen die Besch\u00e4digung des Amtes des\\\/der Bundesbeauftragten f\u00fcr Datenschutz und Informationsfreiheit (BfDI)\",\"datePublished\":\"2024-03-19T22:42:13+00:00\",\"dateModified\":\"2024-03-20T08:13:36+00:00\",\"mainEntityOfPage\":{\"@id\":\"https:\\\/\\\/www.agnd.eu\\\/index.php\\\/2024\\\/03\\\/19\\\/offener-brief-protest-gegen-die-beschaedigung-des-amtes-des-der-bundesbeauftragten-fuer-datenschutz-und-informationsfreiheit-bfdi\\\/\"},\"wordCount\":231,\"publisher\":{\"@id\":\"https:\\\/\\\/www.agnd.eu\\\/#organization\"},\"image\":{\"@id\":\"https:\\\/\\\/www.agnd.eu\\\/index.php\\\/2024\\\/03\\\/19\\\/offener-brief-protest-gegen-die-beschaedigung-des-amtes-des-der-bundesbeauftragten-fuer-datenschutz-und-informationsfreiheit-bfdi\\\/#primaryimage\"},\"thumbnailUrl\":\"https:\\\/\\\/www.agnd.eu\\\/wp-content\\\/uploads\\\/2024\\\/03\\\/marija-zaric-Vdz1YQgDQz8-unsplash-scaled.jpg\",\"keywords\":[\"BDSG\",\"BfDI\",\"Datenschutz\",\"DSGVO\",\"offener Brief\",\"Transparenz\"],\"articleSection\":[\"Stellungnahme\"],\"inLanguage\":\"de\"},{\"@type\":\"WebPage\",\"@id\":\"https:\\\/\\\/www.agnd.eu\\\/index.php\\\/2024\\\/03\\\/19\\\/offener-brief-protest-gegen-die-beschaedigung-des-amtes-des-der-bundesbeauftragten-fuer-datenschutz-und-informationsfreiheit-bfdi\\\/\",\"url\":\"https:\\\/\\\/www.agnd.eu\\\/index.php\\\/2024\\\/03\\\/19\\\/offener-brief-protest-gegen-die-beschaedigung-des-amtes-des-der-bundesbeauftragten-fuer-datenschutz-und-informationsfreiheit-bfdi\\\/\",\"name\":\"Offener Brief: Protest gegen die Besch\u00e4digung des Amtes des\\\/der Bundesbeauftragten f\u00fcr Datenschutz und Informationsfreiheit (BfDI) - AGND\",\"isPartOf\":{\"@id\":\"https:\\\/\\\/www.agnd.eu\\\/#website\"},\"primaryImageOfPage\":{\"@id\":\"https:\\\/\\\/www.agnd.eu\\\/index.php\\\/2024\\\/03\\\/19\\\/offener-brief-protest-gegen-die-beschaedigung-des-amtes-des-der-bundesbeauftragten-fuer-datenschutz-und-informationsfreiheit-bfdi\\\/#primaryimage\"},\"image\":{\"@id\":\"https:\\\/\\\/www.agnd.eu\\\/index.php\\\/2024\\\/03\\\/19\\\/offener-brief-protest-gegen-die-beschaedigung-des-amtes-des-der-bundesbeauftragten-fuer-datenschutz-und-informationsfreiheit-bfdi\\\/#primaryimage\"},\"thumbnailUrl\":\"https:\\\/\\\/www.agnd.eu\\\/wp-content\\\/uploads\\\/2024\\\/03\\\/marija-zaric-Vdz1YQgDQz8-unsplash-scaled.jpg\",\"datePublished\":\"2024-03-19T22:42:13+00:00\",\"dateModified\":\"2024-03-20T08:13:36+00:00\",\"breadcrumb\":{\"@id\":\"https:\\\/\\\/www.agnd.eu\\\/index.php\\\/2024\\\/03\\\/19\\\/offener-brief-protest-gegen-die-beschaedigung-des-amtes-des-der-bundesbeauftragten-fuer-datenschutz-und-informationsfreiheit-bfdi\\\/#breadcrumb\"},\"inLanguage\":\"de\",\"potentialAction\":[{\"@type\":\"ReadAction\",\"target\":[\"https:\\\/\\\/www.agnd.eu\\\/index.php\\\/2024\\\/03\\\/19\\\/offener-brief-protest-gegen-die-beschaedigung-des-amtes-des-der-bundesbeauftragten-fuer-datenschutz-und-informationsfreiheit-bfdi\\\/\"]}]},{\"@type\":\"ImageObject\",\"inLanguage\":\"de\",\"@id\":\"https:\\\/\\\/www.agnd.eu\\\/index.php\\\/2024\\\/03\\\/19\\\/offener-brief-protest-gegen-die-beschaedigung-des-amtes-des-der-bundesbeauftragten-fuer-datenschutz-und-informationsfreiheit-bfdi\\\/#primaryimage\",\"url\":\"https:\\\/\\\/www.agnd.eu\\\/wp-content\\\/uploads\\\/2024\\\/03\\\/marija-zaric-Vdz1YQgDQz8-unsplash-scaled.jpg\",\"contentUrl\":\"https:\\\/\\\/www.agnd.eu\\\/wp-content\\\/uploads\\\/2024\\\/03\\\/marija-zaric-Vdz1YQgDQz8-unsplash-scaled.jpg\",\"width\":2560,\"height\":1707},{\"@type\":\"BreadcrumbList\",\"@id\":\"https:\\\/\\\/www.agnd.eu\\\/index.php\\\/2024\\\/03\\\/19\\\/offener-brief-protest-gegen-die-beschaedigung-des-amtes-des-der-bundesbeauftragten-fuer-datenschutz-und-informationsfreiheit-bfdi\\\/#breadcrumb\",\"itemListElement\":[{\"@type\":\"ListItem\",\"position\":1,\"name\":\"Startseite\",\"item\":\"https:\\\/\\\/www.agnd.eu\\\/\"},{\"@type\":\"ListItem\",\"position\":2,\"name\":\"Offener Brief: Protest gegen die Besch\u00e4digung des Amtes des\\\/der Bundesbeauftragten f\u00fcr Datenschutz und Informationsfreiheit (BfDI)\"}]},{\"@type\":\"WebSite\",\"@id\":\"https:\\\/\\\/www.agnd.eu\\\/#website\",\"url\":\"https:\\\/\\\/www.agnd.eu\\\/\",\"name\":\"AGND\",\"description\":\"AG Nachhaltige Digitalisierung\",\"publisher\":{\"@id\":\"https:\\\/\\\/www.agnd.eu\\\/#organization\"},\"potentialAction\":[{\"@type\":\"SearchAction\",\"target\":{\"@type\":\"EntryPoint\",\"urlTemplate\":\"https:\\\/\\\/www.agnd.eu\\\/?s={search_term_string}\"},\"query-input\":{\"@type\":\"PropertyValueSpecification\",\"valueRequired\":true,\"valueName\":\"search_term_string\"}}],\"inLanguage\":\"de\"},{\"@type\":\"Organization\",\"@id\":\"https:\\\/\\\/www.agnd.eu\\\/#organization\",\"name\":\"AGND\",\"url\":\"https:\\\/\\\/www.agnd.eu\\\/\",\"logo\":{\"@type\":\"ImageObject\",\"inLanguage\":\"de\",\"@id\":\"https:\\\/\\\/www.agnd.eu\\\/#\\\/schema\\\/logo\\\/image\\\/\",\"url\":\"\",\"contentUrl\":\"\",\"caption\":\"AGND\"},\"image\":{\"@id\":\"https:\\\/\\\/www.agnd.eu\\\/#\\\/schema\\\/logo\\\/image\\\/\"}},{\"@type\":\"Person\",\"@id\":\"https:\\\/\\\/www.agnd.eu\\\/#\\\/schema\\\/person\\\/341f546abd5c00029e259bb53099d50e\",\"name\":\"Manuel Atug\",\"image\":{\"@type\":\"ImageObject\",\"inLanguage\":\"de\",\"@id\":\"https:\\\/\\\/secure.gravatar.com\\\/avatar\\\/6dd06291c728f62511f816af3bb74ad575d7b9d1210738acf82de517dec1d496?s=96&d=mm&r=g\",\"url\":\"https:\\\/\\\/secure.gravatar.com\\\/avatar\\\/6dd06291c728f62511f816af3bb74ad575d7b9d1210738acf82de517dec1d496?s=96&d=mm&r=g\",\"contentUrl\":\"https:\\\/\\\/secure.gravatar.com\\\/avatar\\\/6dd06291c728f62511f816af3bb74ad575d7b9d1210738acf82de517dec1d496?s=96&d=mm&r=g\",\"caption\":\"Manuel Atug\"},\"sameAs\":[\"http:\\\/\\\/www.agnd.eu\",\"https:\\\/\\\/www.linkedin.com\\\/in\\\/manuel-atug-820b27241\\\/\",\"https:\\\/\\\/x.com\\\/honkhase\",\"https:\\\/\\\/www.youtube.com\\\/channel\\\/UC6Y6tk5UyUyCJ4lKSDfOk2g\"],\"url\":\"https:\\\/\\\/www.agnd.eu\\\/index.php\\\/author\\\/manuelagnd\\\/\"}]}<\/script>\n<!-- \/ Yoast SEO plugin. -->","yoast_head_json":{"title":"Offener Brief: Protest gegen die Besch\u00e4digung des Amtes des\/der Bundesbeauftragten f\u00fcr Datenschutz und Informationsfreiheit (BfDI) - AGND","robots":{"index":"index","follow":"follow","max-snippet":"max-snippet:-1","max-image-preview":"max-image-preview:large","max-video-preview":"max-video-preview:-1"},"canonical":"https:\/\/www.agnd.eu\/index.php\/2024\/03\/19\/offener-brief-protest-gegen-die-beschaedigung-des-amtes-des-der-bundesbeauftragten-fuer-datenschutz-und-informationsfreiheit-bfdi\/","og_locale":"de_DE","og_type":"article","og_title":"Offener Brief: Protest gegen die Besch\u00e4digung des Amtes des\/der Bundesbeauftragten f\u00fcr Datenschutz und Informationsfreiheit (BfDI) - AGND","og_description":"Auch Caroline Krohn, Gr\u00fcnderin und Sprecherin der AG Nachhaltige Digitalisierung, hat den offenen Brief zum Protest gegen die Besch\u00e4digung des Amtes des\/der Bundesbeauftragten f\u00fcr Datenschutz und Informationsfreiheit (BfDI) f\u00fcr die AGND mitgezeichnet. Insgesamt 23 nahmhafte Organisationen haben den offenen Brief vom 19.03.2024 mitgezeichnet. Den offenen Brief ver\u00f6ffentlichen wir hier. &#8222;Wir fordern die Bundesregierung und den [&hellip;]","og_url":"https:\/\/www.agnd.eu\/index.php\/2024\/03\/19\/offener-brief-protest-gegen-die-beschaedigung-des-amtes-des-der-bundesbeauftragten-fuer-datenschutz-und-informationsfreiheit-bfdi\/","og_site_name":"AGND","article_published_time":"2024-03-19T22:42:13+00:00","article_modified_time":"2024-03-20T08:13:36+00:00","og_image":[{"width":1030,"height":687,"url":"https:\/\/www.agnd.eu\/wp-content\/uploads\/2024\/03\/marija-zaric-Vdz1YQgDQz8-unsplash-1030x687.jpg","type":"image\/jpeg"}],"author":"Manuel Atug","twitter_card":"summary_large_image","twitter_creator":"@honkhase","twitter_misc":{"Verfasst von":"Manuel Atug","Gesch\u00e4tzte Lesezeit":"1\u00a0Minute"},"schema":{"@context":"https:\/\/schema.org","@graph":[{"@type":"Article","@id":"https:\/\/www.agnd.eu\/index.php\/2024\/03\/19\/offener-brief-protest-gegen-die-beschaedigung-des-amtes-des-der-bundesbeauftragten-fuer-datenschutz-und-informationsfreiheit-bfdi\/#article","isPartOf":{"@id":"https:\/\/www.agnd.eu\/index.php\/2024\/03\/19\/offener-brief-protest-gegen-die-beschaedigung-des-amtes-des-der-bundesbeauftragten-fuer-datenschutz-und-informationsfreiheit-bfdi\/"},"author":{"name":"Manuel Atug","@id":"https:\/\/www.agnd.eu\/#\/schema\/person\/341f546abd5c00029e259bb53099d50e"},"headline":"Offener Brief: Protest gegen die Besch\u00e4digung des Amtes des\/der Bundesbeauftragten f\u00fcr Datenschutz und Informationsfreiheit (BfDI)","datePublished":"2024-03-19T22:42:13+00:00","dateModified":"2024-03-20T08:13:36+00:00","mainEntityOfPage":{"@id":"https:\/\/www.agnd.eu\/index.php\/2024\/03\/19\/offener-brief-protest-gegen-die-beschaedigung-des-amtes-des-der-bundesbeauftragten-fuer-datenschutz-und-informationsfreiheit-bfdi\/"},"wordCount":231,"publisher":{"@id":"https:\/\/www.agnd.eu\/#organization"},"image":{"@id":"https:\/\/www.agnd.eu\/index.php\/2024\/03\/19\/offener-brief-protest-gegen-die-beschaedigung-des-amtes-des-der-bundesbeauftragten-fuer-datenschutz-und-informationsfreiheit-bfdi\/#primaryimage"},"thumbnailUrl":"https:\/\/www.agnd.eu\/wp-content\/uploads\/2024\/03\/marija-zaric-Vdz1YQgDQz8-unsplash-scaled.jpg","keywords":["BDSG","BfDI","Datenschutz","DSGVO","offener Brief","Transparenz"],"articleSection":["Stellungnahme"],"inLanguage":"de"},{"@type":"WebPage","@id":"https:\/\/www.agnd.eu\/index.php\/2024\/03\/19\/offener-brief-protest-gegen-die-beschaedigung-des-amtes-des-der-bundesbeauftragten-fuer-datenschutz-und-informationsfreiheit-bfdi\/","url":"https:\/\/www.agnd.eu\/index.php\/2024\/03\/19\/offener-brief-protest-gegen-die-beschaedigung-des-amtes-des-der-bundesbeauftragten-fuer-datenschutz-und-informationsfreiheit-bfdi\/","name":"Offener Brief: Protest gegen die Besch\u00e4digung des Amtes des\/der Bundesbeauftragten f\u00fcr Datenschutz und Informationsfreiheit (BfDI) - AGND","isPartOf":{"@id":"https:\/\/www.agnd.eu\/#website"},"primaryImageOfPage":{"@id":"https:\/\/www.agnd.eu\/index.php\/2024\/03\/19\/offener-brief-protest-gegen-die-beschaedigung-des-amtes-des-der-bundesbeauftragten-fuer-datenschutz-und-informationsfreiheit-bfdi\/#primaryimage"},"image":{"@id":"https:\/\/www.agnd.eu\/index.php\/2024\/03\/19\/offener-brief-protest-gegen-die-beschaedigung-des-amtes-des-der-bundesbeauftragten-fuer-datenschutz-und-informationsfreiheit-bfdi\/#primaryimage"},"thumbnailUrl":"https:\/\/www.agnd.eu\/wp-content\/uploads\/2024\/03\/marija-zaric-Vdz1YQgDQz8-unsplash-scaled.jpg","datePublished":"2024-03-19T22:42:13+00:00","dateModified":"2024-03-20T08:13:36+00:00","breadcrumb":{"@id":"https:\/\/www.agnd.eu\/index.php\/2024\/03\/19\/offener-brief-protest-gegen-die-beschaedigung-des-amtes-des-der-bundesbeauftragten-fuer-datenschutz-und-informationsfreiheit-bfdi\/#breadcrumb"},"inLanguage":"de","potentialAction":[{"@type":"ReadAction","target":["https:\/\/www.agnd.eu\/index.php\/2024\/03\/19\/offener-brief-protest-gegen-die-beschaedigung-des-amtes-des-der-bundesbeauftragten-fuer-datenschutz-und-informationsfreiheit-bfdi\/"]}]},{"@type":"ImageObject","inLanguage":"de","@id":"https:\/\/www.agnd.eu\/index.php\/2024\/03\/19\/offener-brief-protest-gegen-die-beschaedigung-des-amtes-des-der-bundesbeauftragten-fuer-datenschutz-und-informationsfreiheit-bfdi\/#primaryimage","url":"https:\/\/www.agnd.eu\/wp-content\/uploads\/2024\/03\/marija-zaric-Vdz1YQgDQz8-unsplash-scaled.jpg","contentUrl":"https:\/\/www.agnd.eu\/wp-content\/uploads\/2024\/03\/marija-zaric-Vdz1YQgDQz8-unsplash-scaled.jpg","width":2560,"height":1707},{"@type":"BreadcrumbList","@id":"https:\/\/www.agnd.eu\/index.php\/2024\/03\/19\/offener-brief-protest-gegen-die-beschaedigung-des-amtes-des-der-bundesbeauftragten-fuer-datenschutz-und-informationsfreiheit-bfdi\/#breadcrumb","itemListElement":[{"@type":"ListItem","position":1,"name":"Startseite","item":"https:\/\/www.agnd.eu\/"},{"@type":"ListItem","position":2,"name":"Offener Brief: Protest gegen die Besch\u00e4digung des Amtes des\/der Bundesbeauftragten f\u00fcr Datenschutz und Informationsfreiheit (BfDI)"}]},{"@type":"WebSite","@id":"https:\/\/www.agnd.eu\/#website","url":"https:\/\/www.agnd.eu\/","name":"AGND","description":"AG Nachhaltige Digitalisierung","publisher":{"@id":"https:\/\/www.agnd.eu\/#organization"},"potentialAction":[{"@type":"SearchAction","target":{"@type":"EntryPoint","urlTemplate":"https:\/\/www.agnd.eu\/?s={search_term_string}"},"query-input":{"@type":"PropertyValueSpecification","valueRequired":true,"valueName":"search_term_string"}}],"inLanguage":"de"},{"@type":"Organization","@id":"https:\/\/www.agnd.eu\/#organization","name":"AGND","url":"https:\/\/www.agnd.eu\/","logo":{"@type":"ImageObject","inLanguage":"de","@id":"https:\/\/www.agnd.eu\/#\/schema\/logo\/image\/","url":"","contentUrl":"","caption":"AGND"},"image":{"@id":"https:\/\/www.agnd.eu\/#\/schema\/logo\/image\/"}},{"@type":"Person","@id":"https:\/\/www.agnd.eu\/#\/schema\/person\/341f546abd5c00029e259bb53099d50e","name":"Manuel Atug","image":{"@type":"ImageObject","inLanguage":"de","@id":"https:\/\/secure.gravatar.com\/avatar\/6dd06291c728f62511f816af3bb74ad575d7b9d1210738acf82de517dec1d496?s=96&d=mm&r=g","url":"https:\/\/secure.gravatar.com\/avatar\/6dd06291c728f62511f816af3bb74ad575d7b9d1210738acf82de517dec1d496?s=96&d=mm&r=g","contentUrl":"https:\/\/secure.gravatar.com\/avatar\/6dd06291c728f62511f816af3bb74ad575d7b9d1210738acf82de517dec1d496?s=96&d=mm&r=g","caption":"Manuel Atug"},"sameAs":["http:\/\/www.agnd.eu","https:\/\/www.linkedin.com\/in\/manuel-atug-820b27241\/","https:\/\/x.com\/honkhase","https:\/\/www.youtube.com\/channel\/UC6Y6tk5UyUyCJ4lKSDfOk2g"],"url":"https:\/\/www.agnd.eu\/index.php\/author\/manuelagnd\/"}]}},"_links":{"self":[{"href":"https:\/\/www.agnd.eu\/index.php\/wp-json\/wp\/v2\/posts\/646","targetHints":{"allow":["GET"]}}],"collection":[{"href":"https:\/\/www.agnd.eu\/index.php\/wp-json\/wp\/v2\/posts"}],"about":[{"href":"https:\/\/www.agnd.eu\/index.php\/wp-json\/wp\/v2\/types\/post"}],"author":[{"embeddable":true,"href":"https:\/\/www.agnd.eu\/index.php\/wp-json\/wp\/v2\/users\/2"}],"replies":[{"embeddable":true,"href":"https:\/\/www.agnd.eu\/index.php\/wp-json\/wp\/v2\/comments?post=646"}],"version-history":[{"count":3,"href":"https:\/\/www.agnd.eu\/index.php\/wp-json\/wp\/v2\/posts\/646\/revisions"}],"predecessor-version":[{"id":653,"href":"https:\/\/www.agnd.eu\/index.php\/wp-json\/wp\/v2\/posts\/646\/revisions\/653"}],"wp:featuredmedia":[{"embeddable":true,"href":"https:\/\/www.agnd.eu\/index.php\/wp-json\/wp\/v2\/media\/648"}],"wp:attachment":[{"href":"https:\/\/www.agnd.eu\/index.php\/wp-json\/wp\/v2\/media?parent=646"}],"wp:term":[{"taxonomy":"category","embeddable":true,"href":"https:\/\/www.agnd.eu\/index.php\/wp-json\/wp\/v2\/categories?post=646"},{"taxonomy":"post_tag","embeddable":true,"href":"https:\/\/www.agnd.eu\/index.php\/wp-json\/wp\/v2\/tags?post=646"}],"curies":[{"name":"wp","href":"https:\/\/api.w.org\/{rel}","templated":true}]}}